{"id":250,"date":"2020-04-28T14:06:46","date_gmt":"2020-04-28T14:06:46","guid":{"rendered":"http:\/\/www.almeidaengenhariamedicina.com.br\/blog\/?p=250"},"modified":"2020-04-28T14:06:46","modified_gmt":"2020-04-28T14:06:46","slug":"abril-verde-conheca-campanha-que-promove-saude-e-seguranca-do-trabalho","status":"publish","type":"post","link":"https:\/\/www.almeidaengenhariamedicina.com.br\/blog\/abril-verde-conheca-campanha-que-promove-saude-e-seguranca-do-trabalho\/","title":{"rendered":"Abril Verde: conhe\u00e7a a campanha que promove a sa\u00fade e a seguran\u00e7a do trabalho"},"content":{"rendered":"<p>O Abril Verde \u00e9 uma campanha de iniciativa popular com participa\u00e7\u00e3o espont\u00e2nea que visa chamar a aten\u00e7\u00e3o da sociedade para a\u00e7\u00f5es de preven\u00e7\u00e3o de acidentes do trabalho e doen\u00e7as ocupacionais.<\/p>\n<p>\u00c9 um m\u00eas que busca sensibilizar e conscientizar a todos para a import\u00e2ncia de m\u00e9todos preventivos e melhores condi\u00e7\u00f5es laborais para proporcionar o m\u00e1ximo bem-estar e seguran\u00e7a para todos os trabalhadores.<\/p>\n<p>O verde \u00e9 uma cor mundialmente difundida como relativa \u00e0 seguran\u00e7a e aos cursos da \u00e1rea da sa\u00fade. Desta forma, o s\u00edmbolo da campanha Abril Verde \u00e9 o la\u00e7o verde.<\/p>\n<p>Quer entender melhor como funciona o Abril Verde? Ent\u00e3o, continue a leitura!<\/p>\n<h4><strong>Qual a hist\u00f3ria do Abril Verde?<\/strong><\/h4>\n<p>Em 2003, a Organiza\u00e7\u00e3o Mundial do Trabalho escolheu o m\u00eas de abril devido a 28 de Abril ser Dia Mundial em Mem\u00f3ria \u00e0s V\u00edtimas de Acidentes de Trabalho.<\/p>\n<p>Nesta data, em 1969, aconteceu um grave acidente com explos\u00e3o na mina da cidade de Farmington, Virg\u00ednia, nos Estados Unidos, provocando a morte de 78 funcion\u00e1rios. Foi um dos maiores e mais conhecidos acidentes trabalhistas da humanidade.<\/p>\n<p>Com isso, o Brasil come\u00e7ou a utilizar, em 2005, o mesmo dia para sinalizar o Dia Nacional em Mem\u00f3ria das V\u00edtimas de Acidentes e Doen\u00e7as Ocupacionais, por meio da Lei n\u00ba 11.121\/2005. Al\u00e9m disso, h\u00e1 o dia 7 de abril, que representa o Dia Mundial da Sa\u00fade.<\/p>\n<h4><strong>Quais s\u00e3o os objetivos do Abril Verde?<\/strong><\/h4>\n<p><img loading=\"lazy\" decoding=\"async\" class=\"alignnone  wp-image-252\" src=\"http:\/\/www.almeidaengenhariamedicina.com.br\/blog\/wp-content\/uploads\/2020\/04\/objetivo-abril-verde-300x192.png\" alt=\"\" width=\"301\" height=\"193\" srcset=\"https:\/\/www.almeidaengenhariamedicina.com.br\/blog\/wp-content\/uploads\/2020\/04\/objetivo-abril-verde-300x192.png 300w, https:\/\/www.almeidaengenhariamedicina.com.br\/blog\/wp-content\/uploads\/2020\/04\/objetivo-abril-verde-768x492.png 768w, https:\/\/www.almeidaengenhariamedicina.com.br\/blog\/wp-content\/uploads\/2020\/04\/objetivo-abril-verde-1024x655.png 1024w, https:\/\/www.almeidaengenhariamedicina.com.br\/blog\/wp-content\/uploads\/2020\/04\/objetivo-abril-verde.png 2000w\" sizes=\"auto, (max-width: 301px) 100vw, 301px\" \/><\/p>\n<p>Estima-se que 2,3 milh\u00f5es de trabalhadores morrem todo ano, devido a acidentes de trabalho ou doen\u00e7as ocupacionais.<\/p>\n<p>Por esse motivo, o m\u00eas de abril tem como objetivo a reflex\u00e3o e conscientiza\u00e7\u00e3o a respeito dos cuidados com o bem-estar, a sa\u00fade e a qualidade de vida de todos os trabalhadores.<\/p>\n<p>A inten\u00e7\u00e3o \u00e9 estimular a ado\u00e7\u00e3o de procedimentos de sa\u00fade e seguran\u00e7a no trabalho e alertar para a import\u00e2ncia de pr\u00e1ticas que reduzam os n\u00fameros de acidentes.<\/p>\n<p>Durante todo o m\u00eas de abril, o Movimento Abril Verde promove encontros, palestras, semin\u00e1rios, debates, mobiliza\u00e7\u00f5es sociais, sinaliza\u00e7\u00f5es com o s\u00edmbolo do la\u00e7o verde e ilumina\u00e7\u00e3o esverdeada de edifica\u00e7\u00f5es p\u00fablicas ou privadas em refer\u00eancia \u00e0 seguran\u00e7a e \u00e0 sa\u00fade do trabalhador.<\/p>\n<p>Entre as principais finalidades do programa, est\u00e3o:<\/p>\n<ul>\n<li>mensurar os riscos;<\/li>\n<li>engajar a sociedade;<\/li>\n<li>conscientizar a popula\u00e7\u00e3o a respeito da sa\u00fade e seguran\u00e7a no trabalho;<\/li>\n<li>estimular a cultura de preven\u00e7\u00e3o;<\/li>\n<li>analisar os indiv\u00edduos dentro e fora do local de trabalho;<\/li>\n<li>refletir sobre a responsabilidade de empresas e gestores;<\/li>\n<li>promover a\u00e7\u00f5es e manifesta\u00e7\u00f5es.<\/li>\n<\/ul>\n<p>Como vimos, a campanha Abril Verde \u00e9 essencial para garantir a prote\u00e7\u00e3o e o conhecimento necess\u00e1rios aos funcion\u00e1rios para que a seguran\u00e7a e a integridade f\u00edsica e mental seja preservada. Portanto, n\u00e3o deve ser deixada de lado.<\/p>\n<p>As empresas devem sempre conscientizar o seu pessoal com a campanha Abril Verde, assegurando bons momentos durante a ocupa\u00e7\u00e3o do ambiente de trabalho aos seus empregados.<\/p>\n","protected":false},"excerpt":{"rendered":"<p>O Abril Verde \u00e9 uma campanha de iniciativa popular com participa\u00e7\u00e3o espont\u00e2nea que visa chamar a aten\u00e7\u00e3o da sociedade para a\u00e7\u00f5es de preven\u00e7\u00e3o de acidentes do trabalho e doen\u00e7as ocupacionais. \u00c9 um m\u00eas que busca sensibilizar e conscientizar a todos para a import\u00e2ncia de m\u00e9todos preventivos e melhores condi\u00e7\u00f5es laborais para proporcionar o m\u00e1ximo bem-estar [&hellip;]<\/p>\n","protected":false},"author":1,"featured_media":251,"comment_status":"open","ping_status":"open","sticky":false,"template":"","format":"standard","meta":{"footnotes":""},"categories":[9,8],"tags":[83,97,96,95,84,90,89,85,93,80,27,86,94,91,98,92,87,88],"class_list":["post-250","post","type-post","status-publish","format-standard","has-post-thumbnail","hentry","category-medicina-do-trabalho","category-seguranca-do-trabalho","tag-abril-verde","tag-acoes-para-melhorar-as-condicoes-de-trabalho","tag-acoes-para-melhorar-as-condicoes-laborais","tag-bem-estar-e-seguranca-dos-trabalhadores","tag-campanha-abril-verde","tag-campanha-de-conscientizacao-abril-verde","tag-conscientizacao-abril-verde","tag-dia-mundial-da-saude-e-seguranca-do-trabalho","tag-dia-mundial-em-memoria-das-vitimas-de-acidentes-e-doencas-do-trabalho","tag-empresa-de-seguranca-do-trabalho","tag-exames-ocupacionais-para-empresas","tag-medidas-preventivas-para-seguranca-no-trabalho","tag-melhores-condicoes-laborais","tag-praticas-de-seguranca-no-trabalho","tag-prevencao-de-doencas-ocupacionais","tag-saude-e-seguranca-no-trabalho","tag-seguranca-fisica-dos-trabalhadores","tag-seguranca-mental-dos-trabalhadores"],"yoast_head":"<!-- This site is optimized with the Yoast SEO plugin v26.0 - https:\/\/yoast.com\/wordpress\/plugins\/seo\/ -->\n<title>Abril Verde: conhe\u00e7a a campanha que promove a sa\u00fade e a seguran\u00e7a do trabalho - Almeida Consultoria<\/title>\n<meta name=\"robots\" content=\"index, follow, max-snippet:-1, max-image-preview:large, max-video-preview:-1\" \/>\n<link rel=\"canonical\" href=\"https:\/\/www.almeidaengenhariamedicina.com.br\/blog\/abril-verde-conheca-campanha-que-promove-saude-e-seguranca-do-trabalho\/\" \/>\n<meta property=\"og:locale\" content=\"pt_BR\" \/>\n<meta property=\"og:type\" content=\"article\" \/>\n<meta property=\"og:title\" content=\"Abril Verde: conhe\u00e7a a campanha que promove a sa\u00fade e a seguran\u00e7a do trabalho - Almeida Consultoria\" \/>\n<meta property=\"og:description\" content=\"O Abril Verde \u00e9 uma campanha de iniciativa popular com participa\u00e7\u00e3o espont\u00e2nea que visa chamar a aten\u00e7\u00e3o da sociedade para a\u00e7\u00f5es de preven\u00e7\u00e3o de acidentes do trabalho e doen\u00e7as ocupacionais. \u00c9 um m\u00eas que busca sensibilizar e conscientizar a todos para a import\u00e2ncia de m\u00e9todos preventivos e melhores condi\u00e7\u00f5es laborais para proporcionar o m\u00e1ximo bem-estar [&hellip;]\" \/>\n<meta property=\"og:url\" content=\"https:\/\/www.almeidaengenhariamedicina.com.br\/blog\/abril-verde-conheca-campanha-que-promove-saude-e-seguranca-do-trabalho\/\" \/>\n<meta property=\"og:site_name\" content=\"Almeida Consultoria\" \/>\n<meta property=\"article:published_time\" content=\"2020-04-28T14:06:46+00:00\" \/>\n<meta property=\"og:image\" content=\"https:\/\/www.almeidaengenhariamedicina.com.br\/blog\/wp-content\/uploads\/2020\/04\/abril-verde.jpg\" \/>\n\t<meta property=\"og:image:width\" content=\"1550\" \/>\n\t<meta property=\"og:image:height\" content=\"799\" \/>\n\t<meta property=\"og:image:type\" content=\"image\/jpeg\" \/>\n<meta name=\"author\" content=\"admin\" \/>\n<meta name=\"twitter:card\" content=\"summary_large_image\" \/>\n<meta name=\"twitter:label1\" content=\"Escrito por\" \/>\n\t<meta name=\"twitter:data1\" content=\"admin\" \/>\n\t<meta name=\"twitter:label2\" content=\"Est. tempo de leitura\" \/>\n\t<meta name=\"twitter:data2\" content=\"3 minutos\" \/>\n<script type=\"application\/ld+json\" class=\"yoast-schema-graph\">{\"@context\":\"https:\/\/schema.org\",\"@graph\":[{\"@type\":\"Article\",\"@id\":\"https:\/\/www.almeidaengenhariamedicina.com.br\/blog\/abril-verde-conheca-campanha-que-promove-saude-e-seguranca-do-trabalho\/#article\",\"isPartOf\":{\"@id\":\"https:\/\/www.almeidaengenhariamedicina.com.br\/blog\/abril-verde-conheca-campanha-que-promove-saude-e-seguranca-do-trabalho\/\"},\"author\":{\"name\":\"admin\",\"@id\":\"https:\/\/www.almeidaengenhariamedicina.com.br\/blog\/#\/schema\/person\/f6e948fe1333019101cb2d86cc183dae\"},\"headline\":\"Abril Verde: conhe\u00e7a a campanha que promove a sa\u00fade e a seguran\u00e7a do trabalho\",\"datePublished\":\"2020-04-28T14:06:46+00:00\",\"mainEntityOfPage\":{\"@id\":\"https:\/\/www.almeidaengenhariamedicina.com.br\/blog\/abril-verde-conheca-campanha-que-promove-saude-e-seguranca-do-trabalho\/\"},\"wordCount\":531,\"commentCount\":0,\"publisher\":{\"@id\":\"https:\/\/www.almeidaengenhariamedicina.com.br\/blog\/#organization\"},\"image\":{\"@id\":\"https:\/\/www.almeidaengenhariamedicina.com.br\/blog\/abril-verde-conheca-campanha-que-promove-saude-e-seguranca-do-trabalho\/#primaryimage\"},\"thumbnailUrl\":\"https:\/\/www.almeidaengenhariamedicina.com.br\/blog\/wp-content\/uploads\/2020\/04\/abril-verde.jpg\",\"keywords\":[\"abril verde\",\"a\u00e7\u00f5es para melhorar as condi\u00e7\u00f5es de trabalho\",\"a\u00e7\u00f5es para melhorar as condi\u00e7\u00f5es laborais\",\"bem-estar e seguran\u00e7a dos trabalhadores\",\"campanha abril verde\",\"campanha de conscientiza\u00e7\u00e3o abril verde\",\"conscientiza\u00e7\u00e3o abril verde\",\"dia mundial da sa\u00fade e seguran\u00e7a do trabalho\",\"dia mundial em mem\u00f3ria das v\u00edtimas de acidentes e doen\u00e7as do trabalho\",\"empresa de seguran\u00e7a do trabalho\",\"exames ocupacionais para empresas\",\"medidas preventivas para seguran\u00e7a no trabalho\",\"melhores condi\u00e7\u00f5es laborais\",\"pr\u00e1ticas de seguran\u00e7a no trabalho\",\"preven\u00e7\u00e3o de doen\u00e7as ocupacionais\",\"sa\u00fade e seguran\u00e7a no trabalho\",\"seguran\u00e7a f\u00edsica dos trabalhadores\",\"seguran\u00e7a mental dos trabalhadores\"],\"articleSection\":[\"Medicina do Trabalho\",\"Seguran\u00e7a do Trabalho\"],\"inLanguage\":\"pt-BR\",\"potentialAction\":[{\"@type\":\"CommentAction\",\"name\":\"Comment\",\"target\":[\"https:\/\/www.almeidaengenhariamedicina.com.br\/blog\/abril-verde-conheca-campanha-que-promove-saude-e-seguranca-do-trabalho\/#respond\"]}]},{\"@type\":\"WebPage\",\"@id\":\"https:\/\/www.almeidaengenhariamedicina.com.br\/blog\/abril-verde-conheca-campanha-que-promove-saude-e-seguranca-do-trabalho\/\",\"url\":\"https:\/\/www.almeidaengenhariamedicina.com.br\/blog\/abril-verde-conheca-campanha-que-promove-saude-e-seguranca-do-trabalho\/\",\"name\":\"Abril Verde: conhe\u00e7a a campanha que promove a sa\u00fade e a seguran\u00e7a do trabalho - Almeida Consultoria\",\"isPartOf\":{\"@id\":\"https:\/\/www.almeidaengenhariamedicina.com.br\/blog\/#website\"},\"primaryImageOfPage\":{\"@id\":\"https:\/\/www.almeidaengenhariamedicina.com.br\/blog\/abril-verde-conheca-campanha-que-promove-saude-e-seguranca-do-trabalho\/#primaryimage\"},\"image\":{\"@id\":\"https:\/\/www.almeidaengenhariamedicina.com.br\/blog\/abril-verde-conheca-campanha-que-promove-saude-e-seguranca-do-trabalho\/#primaryimage\"},\"thumbnailUrl\":\"https:\/\/www.almeidaengenhariamedicina.com.br\/blog\/wp-content\/uploads\/2020\/04\/abril-verde.jpg\",\"datePublished\":\"2020-04-28T14:06:46+00:00\",\"breadcrumb\":{\"@id\":\"https:\/\/www.almeidaengenhariamedicina.com.br\/blog\/abril-verde-conheca-campanha-que-promove-saude-e-seguranca-do-trabalho\/#breadcrumb\"},\"inLanguage\":\"pt-BR\",\"potentialAction\":[{\"@type\":\"ReadAction\",\"target\":[\"https:\/\/www.almeidaengenhariamedicina.com.br\/blog\/abril-verde-conheca-campanha-que-promove-saude-e-seguranca-do-trabalho\/\"]}]},{\"@type\":\"ImageObject\",\"inLanguage\":\"pt-BR\",\"@id\":\"https:\/\/www.almeidaengenhariamedicina.com.br\/blog\/abril-verde-conheca-campanha-que-promove-saude-e-seguranca-do-trabalho\/#primaryimage\",\"url\":\"https:\/\/www.almeidaengenhariamedicina.com.br\/blog\/wp-content\/uploads\/2020\/04\/abril-verde.jpg\",\"contentUrl\":\"https:\/\/www.almeidaengenhariamedicina.com.br\/blog\/wp-content\/uploads\/2020\/04\/abril-verde.jpg\",\"width\":1550,\"height\":799},{\"@type\":\"BreadcrumbList\",\"@id\":\"https:\/\/www.almeidaengenhariamedicina.com.br\/blog\/abril-verde-conheca-campanha-que-promove-saude-e-seguranca-do-trabalho\/#breadcrumb\",\"itemListElement\":[{\"@type\":\"ListItem\",\"position\":1,\"name\":\"In\u00edcio\",\"item\":\"https:\/\/www.almeidaengenhariamedicina.com.br\/blog\/\"},{\"@type\":\"ListItem\",\"position\":2,\"name\":\"Abril Verde: conhe\u00e7a a campanha que promove a sa\u00fade e a seguran\u00e7a do trabalho\"}]},{\"@type\":\"WebSite\",\"@id\":\"https:\/\/www.almeidaengenhariamedicina.com.br\/blog\/#website\",\"url\":\"https:\/\/www.almeidaengenhariamedicina.com.br\/blog\/\",\"name\":\"Almeida Consultoria\",\"description\":\"Engenharia e medicina do trabalho\",\"publisher\":{\"@id\":\"https:\/\/www.almeidaengenhariamedicina.com.br\/blog\/#organization\"},\"potentialAction\":[{\"@type\":\"SearchAction\",\"target\":{\"@type\":\"EntryPoint\",\"urlTemplate\":\"https:\/\/www.almeidaengenhariamedicina.com.br\/blog\/?s={search_term_string}\"},\"query-input\":{\"@type\":\"PropertyValueSpecification\",\"valueRequired\":true,\"valueName\":\"search_term_string\"}}],\"inLanguage\":\"pt-BR\"},{\"@type\":\"Organization\",\"@id\":\"https:\/\/www.almeidaengenhariamedicina.com.br\/blog\/#organization\",\"name\":\"Almeida Consultoria\",\"url\":\"https:\/\/www.almeidaengenhariamedicina.com.br\/blog\/\",\"logo\":{\"@type\":\"ImageObject\",\"inLanguage\":\"pt-BR\",\"@id\":\"https:\/\/www.almeidaengenhariamedicina.com.br\/blog\/#\/schema\/logo\/image\/\",\"url\":\"https:\/\/www.almeidaengenhariamedicina.com.br\/blog\/wp-content\/uploads\/2021\/02\/cropped-logo.png\",\"contentUrl\":\"https:\/\/www.almeidaengenhariamedicina.com.br\/blog\/wp-content\/uploads\/2021\/02\/cropped-logo.png\",\"width\":240,\"height\":41,\"caption\":\"Almeida Consultoria\"},\"image\":{\"@id\":\"https:\/\/www.almeidaengenhariamedicina.com.br\/blog\/#\/schema\/logo\/image\/\"}},{\"@type\":\"Person\",\"@id\":\"https:\/\/www.almeidaengenhariamedicina.com.br\/blog\/#\/schema\/person\/f6e948fe1333019101cb2d86cc183dae\",\"name\":\"admin\",\"image\":{\"@type\":\"ImageObject\",\"inLanguage\":\"pt-BR\",\"@id\":\"https:\/\/www.almeidaengenhariamedicina.com.br\/blog\/#\/schema\/person\/image\/\",\"url\":\"https:\/\/www.almeidaengenhariamedicina.com.br\/blog\/wp-content\/litespeed\/avatar\/6dfb5669c2a2dd2c6a9043883036f8c7.jpg?ver=1776958353\",\"contentUrl\":\"https:\/\/www.almeidaengenhariamedicina.com.br\/blog\/wp-content\/litespeed\/avatar\/6dfb5669c2a2dd2c6a9043883036f8c7.jpg?ver=1776958353\",\"caption\":\"admin\"},\"url\":\"https:\/\/www.almeidaengenhariamedicina.com.br\/blog\/author\/admin\/\"}]}<\/script>\n<!-- \/ Yoast SEO plugin. -->","yoast_head_json":{"title":"Abril Verde: conhe\u00e7a a campanha que promove a sa\u00fade e a seguran\u00e7a do trabalho - Almeida Consultoria","robots":{"index":"index","follow":"follow","max-snippet":"max-snippet:-1","max-image-preview":"max-image-preview:large","max-video-preview":"max-video-preview:-1"},"canonical":"https:\/\/www.almeidaengenhariamedicina.com.br\/blog\/abril-verde-conheca-campanha-que-promove-saude-e-seguranca-do-trabalho\/","og_locale":"pt_BR","og_type":"article","og_title":"Abril Verde: conhe\u00e7a a campanha que promove a sa\u00fade e a seguran\u00e7a do trabalho - Almeida Consultoria","og_description":"O Abril Verde \u00e9 uma campanha de iniciativa popular com participa\u00e7\u00e3o espont\u00e2nea que visa chamar a aten\u00e7\u00e3o da sociedade para a\u00e7\u00f5es de preven\u00e7\u00e3o de acidentes do trabalho e doen\u00e7as ocupacionais. \u00c9 um m\u00eas que busca sensibilizar e conscientizar a todos para a import\u00e2ncia de m\u00e9todos preventivos e melhores condi\u00e7\u00f5es laborais para proporcionar o m\u00e1ximo bem-estar [&hellip;]","og_url":"https:\/\/www.almeidaengenhariamedicina.com.br\/blog\/abril-verde-conheca-campanha-que-promove-saude-e-seguranca-do-trabalho\/","og_site_name":"Almeida Consultoria","article_published_time":"2020-04-28T14:06:46+00:00","og_image":[{"width":1550,"height":799,"url":"https:\/\/www.almeidaengenhariamedicina.com.br\/blog\/wp-content\/uploads\/2020\/04\/abril-verde.jpg","type":"image\/jpeg"}],"author":"admin","twitter_card":"summary_large_image","twitter_misc":{"Escrito por":"admin","Est. tempo de leitura":"3 minutos"},"schema":{"@context":"https:\/\/schema.org","@graph":[{"@type":"Article","@id":"https:\/\/www.almeidaengenhariamedicina.com.br\/blog\/abril-verde-conheca-campanha-que-promove-saude-e-seguranca-do-trabalho\/#article","isPartOf":{"@id":"https:\/\/www.almeidaengenhariamedicina.com.br\/blog\/abril-verde-conheca-campanha-que-promove-saude-e-seguranca-do-trabalho\/"},"author":{"name":"admin","@id":"https:\/\/www.almeidaengenhariamedicina.com.br\/blog\/#\/schema\/person\/f6e948fe1333019101cb2d86cc183dae"},"headline":"Abril Verde: conhe\u00e7a a campanha que promove a sa\u00fade e a seguran\u00e7a do trabalho","datePublished":"2020-04-28T14:06:46+00:00","mainEntityOfPage":{"@id":"https:\/\/www.almeidaengenhariamedicina.com.br\/blog\/abril-verde-conheca-campanha-que-promove-saude-e-seguranca-do-trabalho\/"},"wordCount":531,"commentCount":0,"publisher":{"@id":"https:\/\/www.almeidaengenhariamedicina.com.br\/blog\/#organization"},"image":{"@id":"https:\/\/www.almeidaengenhariamedicina.com.br\/blog\/abril-verde-conheca-campanha-que-promove-saude-e-seguranca-do-trabalho\/#primaryimage"},"thumbnailUrl":"https:\/\/www.almeidaengenhariamedicina.com.br\/blog\/wp-content\/uploads\/2020\/04\/abril-verde.jpg","keywords":["abril verde","a\u00e7\u00f5es para melhorar as condi\u00e7\u00f5es de trabalho","a\u00e7\u00f5es para melhorar as condi\u00e7\u00f5es laborais","bem-estar e seguran\u00e7a dos trabalhadores","campanha abril verde","campanha de conscientiza\u00e7\u00e3o abril verde","conscientiza\u00e7\u00e3o abril verde","dia mundial da sa\u00fade e seguran\u00e7a do trabalho","dia mundial em mem\u00f3ria das v\u00edtimas de acidentes e doen\u00e7as do trabalho","empresa de seguran\u00e7a do trabalho","exames ocupacionais para empresas","medidas preventivas para seguran\u00e7a no trabalho","melhores condi\u00e7\u00f5es laborais","pr\u00e1ticas de seguran\u00e7a no trabalho","preven\u00e7\u00e3o de doen\u00e7as ocupacionais","sa\u00fade e seguran\u00e7a no trabalho","seguran\u00e7a f\u00edsica dos trabalhadores","seguran\u00e7a mental dos trabalhadores"],"articleSection":["Medicina do Trabalho","Seguran\u00e7a do Trabalho"],"inLanguage":"pt-BR","potentialAction":[{"@type":"CommentAction","name":"Comment","target":["https:\/\/www.almeidaengenhariamedicina.com.br\/blog\/abril-verde-conheca-campanha-que-promove-saude-e-seguranca-do-trabalho\/#respond"]}]},{"@type":"WebPage","@id":"https:\/\/www.almeidaengenhariamedicina.com.br\/blog\/abril-verde-conheca-campanha-que-promove-saude-e-seguranca-do-trabalho\/","url":"https:\/\/www.almeidaengenhariamedicina.com.br\/blog\/abril-verde-conheca-campanha-que-promove-saude-e-seguranca-do-trabalho\/","name":"Abril Verde: conhe\u00e7a a campanha que promove a sa\u00fade e a seguran\u00e7a do trabalho - Almeida Consultoria","isPartOf":{"@id":"https:\/\/www.almeidaengenhariamedicina.com.br\/blog\/#website"},"primaryImageOfPage":{"@id":"https:\/\/www.almeidaengenhariamedicina.com.br\/blog\/abril-verde-conheca-campanha-que-promove-saude-e-seguranca-do-trabalho\/#primaryimage"},"image":{"@id":"https:\/\/www.almeidaengenhariamedicina.com.br\/blog\/abril-verde-conheca-campanha-que-promove-saude-e-seguranca-do-trabalho\/#primaryimage"},"thumbnailUrl":"https:\/\/www.almeidaengenhariamedicina.com.br\/blog\/wp-content\/uploads\/2020\/04\/abril-verde.jpg","datePublished":"2020-04-28T14:06:46+00:00","breadcrumb":{"@id":"https:\/\/www.almeidaengenhariamedicina.com.br\/blog\/abril-verde-conheca-campanha-que-promove-saude-e-seguranca-do-trabalho\/#breadcrumb"},"inLanguage":"pt-BR","potentialAction":[{"@type":"ReadAction","target":["https:\/\/www.almeidaengenhariamedicina.com.br\/blog\/abril-verde-conheca-campanha-que-promove-saude-e-seguranca-do-trabalho\/"]}]},{"@type":"ImageObject","inLanguage":"pt-BR","@id":"https:\/\/www.almeidaengenhariamedicina.com.br\/blog\/abril-verde-conheca-campanha-que-promove-saude-e-seguranca-do-trabalho\/#primaryimage","url":"https:\/\/www.almeidaengenhariamedicina.com.br\/blog\/wp-content\/uploads\/2020\/04\/abril-verde.jpg","contentUrl":"https:\/\/www.almeidaengenhariamedicina.com.br\/blog\/wp-content\/uploads\/2020\/04\/abril-verde.jpg","width":1550,"height":799},{"@type":"BreadcrumbList","@id":"https:\/\/www.almeidaengenhariamedicina.com.br\/blog\/abril-verde-conheca-campanha-que-promove-saude-e-seguranca-do-trabalho\/#breadcrumb","itemListElement":[{"@type":"ListItem","position":1,"name":"In\u00edcio","item":"https:\/\/www.almeidaengenhariamedicina.com.br\/blog\/"},{"@type":"ListItem","position":2,"name":"Abril Verde: conhe\u00e7a a campanha que promove a sa\u00fade e a seguran\u00e7a do trabalho"}]},{"@type":"WebSite","@id":"https:\/\/www.almeidaengenhariamedicina.com.br\/blog\/#website","url":"https:\/\/www.almeidaengenhariamedicina.com.br\/blog\/","name":"Almeida Consultoria","description":"Engenharia e medicina do trabalho","publisher":{"@id":"https:\/\/www.almeidaengenhariamedicina.com.br\/blog\/#organization"},"potentialAction":[{"@type":"SearchAction","target":{"@type":"EntryPoint","urlTemplate":"https:\/\/www.almeidaengenhariamedicina.com.br\/blog\/?s={search_term_string}"},"query-input":{"@type":"PropertyValueSpecification","valueRequired":true,"valueName":"search_term_string"}}],"inLanguage":"pt-BR"},{"@type":"Organization","@id":"https:\/\/www.almeidaengenhariamedicina.com.br\/blog\/#organization","name":"Almeida Consultoria","url":"https:\/\/www.almeidaengenhariamedicina.com.br\/blog\/","logo":{"@type":"ImageObject","inLanguage":"pt-BR","@id":"https:\/\/www.almeidaengenhariamedicina.com.br\/blog\/#\/schema\/logo\/image\/","url":"https:\/\/www.almeidaengenhariamedicina.com.br\/blog\/wp-content\/uploads\/2021\/02\/cropped-logo.png","contentUrl":"https:\/\/www.almeidaengenhariamedicina.com.br\/blog\/wp-content\/uploads\/2021\/02\/cropped-logo.png","width":240,"height":41,"caption":"Almeida Consultoria"},"image":{"@id":"https:\/\/www.almeidaengenhariamedicina.com.br\/blog\/#\/schema\/logo\/image\/"}},{"@type":"Person","@id":"https:\/\/www.almeidaengenhariamedicina.com.br\/blog\/#\/schema\/person\/f6e948fe1333019101cb2d86cc183dae","name":"admin","image":{"@type":"ImageObject","inLanguage":"pt-BR","@id":"https:\/\/www.almeidaengenhariamedicina.com.br\/blog\/#\/schema\/person\/image\/","url":"https:\/\/www.almeidaengenhariamedicina.com.br\/blog\/wp-content\/litespeed\/avatar\/6dfb5669c2a2dd2c6a9043883036f8c7.jpg?ver=1776958353","contentUrl":"https:\/\/www.almeidaengenhariamedicina.com.br\/blog\/wp-content\/litespeed\/avatar\/6dfb5669c2a2dd2c6a9043883036f8c7.jpg?ver=1776958353","caption":"admin"},"url":"https:\/\/www.almeidaengenhariamedicina.com.br\/blog\/author\/admin\/"}]}},"_links":{"self":[{"href":"https:\/\/www.almeidaengenhariamedicina.com.br\/blog\/wp-json\/wp\/v2\/posts\/250","targetHints":{"allow":["GET"]}}],"collection":[{"href":"https:\/\/www.almeidaengenhariamedicina.com.br\/blog\/wp-json\/wp\/v2\/posts"}],"about":[{"href":"https:\/\/www.almeidaengenhariamedicina.com.br\/blog\/wp-json\/wp\/v2\/types\/post"}],"author":[{"embeddable":true,"href":"https:\/\/www.almeidaengenhariamedicina.com.br\/blog\/wp-json\/wp\/v2\/users\/1"}],"replies":[{"embeddable":true,"href":"https:\/\/www.almeidaengenhariamedicina.com.br\/blog\/wp-json\/wp\/v2\/comments?post=250"}],"version-history":[{"count":1,"href":"https:\/\/www.almeidaengenhariamedicina.com.br\/blog\/wp-json\/wp\/v2\/posts\/250\/revisions"}],"predecessor-version":[{"id":253,"href":"https:\/\/www.almeidaengenhariamedicina.com.br\/blog\/wp-json\/wp\/v2\/posts\/250\/revisions\/253"}],"wp:featuredmedia":[{"embeddable":true,"href":"https:\/\/www.almeidaengenhariamedicina.com.br\/blog\/wp-json\/wp\/v2\/media\/251"}],"wp:attachment":[{"href":"https:\/\/www.almeidaengenhariamedicina.com.br\/blog\/wp-json\/wp\/v2\/media?parent=250"}],"wp:term":[{"taxonomy":"category","embeddable":true,"href":"https:\/\/www.almeidaengenhariamedicina.com.br\/blog\/wp-json\/wp\/v2\/categories?post=250"},{"taxonomy":"post_tag","embeddable":true,"href":"https:\/\/www.almeidaengenhariamedicina.com.br\/blog\/wp-json\/wp\/v2\/tags?post=250"}],"curies":[{"name":"wp","href":"https:\/\/api.w.org\/{rel}","templated":true}]}}