{"id":530,"date":"2024-12-11T14:28:48","date_gmt":"2024-12-11T14:28:48","guid":{"rendered":"https:\/\/www.almeidaengenhariamedicina.com.br\/blog\/?p=530"},"modified":"2024-11-06T14:34:37","modified_gmt":"2024-11-06T14:34:37","slug":"controle-de-ruido-e-a-saude-auditiva-dos-trabalhadores-protegendo-a-integridade-auditiva-no-ambiente-de-trabalho","status":"publish","type":"post","link":"https:\/\/www.almeidaengenhariamedicina.com.br\/blog\/controle-de-ruido-e-a-saude-auditiva-dos-trabalhadores-protegendo-a-integridade-auditiva-no-ambiente-de-trabalho\/","title":{"rendered":"Controle de ru\u00eddo e a sa\u00fade auditiva dos trabalhadores: protegendo a integridade auditiva no ambiente de trabalho"},"content":{"rendered":"<h2>\u00a0Controle de ru\u00eddo e a sa\u00fade auditiva dos trabalhadores: protegendo a integridade auditiva no ambiente de trabalho<\/h2>\n<p>&nbsp;<\/p>\n<p>O ru\u00eddo \u00e9 um dos riscos ocupacionais mais comuns em diversos setores industriais, e a exposi\u00e7\u00e3o prolongada a n\u00edveis elevados pode causar danos irrevers\u00edveis \u00e0 sa\u00fade auditiva dos trabalhadores. O controle de ru\u00eddo \u00e9 uma pr\u00e1tica essencial para garantir a seguran\u00e7a e o bem-estar dos colaboradores, al\u00e9m de ser uma exig\u00eancia legal prevista em Normas Regulamentadoras como a <strong>NR-15<\/strong>, que estabelece limites de exposi\u00e7\u00e3o ao ru\u00eddo no ambiente de trabalho.<\/p>\n<p><strong>Impacto do Ru\u00eddo na Sa\u00fade Auditiva dos Trabalhadores<\/strong><\/p>\n<p>A exposi\u00e7\u00e3o prolongada a n\u00edveis elevados de ru\u00eddo no ambiente de trabalho pode levar a uma s\u00e9rie de consequ\u00eancias graves para a sa\u00fade dos trabalhadores, sendo a <strong>perda auditiva induzida por ru\u00eddo (PAIR)<\/strong> uma das mais comuns. A PAIR \u00e9 um tipo de perda auditiva que ocorre de forma gradual e irrevers\u00edvel, devido \u00e0 exposi\u00e7\u00e3o repetida a sons acima dos limites toler\u00e1veis. Al\u00e9m disso, o ru\u00eddo tamb\u00e9m pode causar problemas secund\u00e1rios, como estresse, fadiga e dificuldade de concentra\u00e7\u00e3o, afetando a qualidade de vida e a produtividade.<\/p>\n<p>A <strong>Organiza\u00e7\u00e3o Mundial da Sa\u00fade (OMS)<\/strong> considera a exposi\u00e7\u00e3o a n\u00edveis de ru\u00eddo superiores a 85 decib\u00e9is (dB) como prejudicial \u00e0 sa\u00fade, especialmente quando essa exposi\u00e7\u00e3o se prolonga por oito horas ou mais. O uso inadequado de equipamentos de prote\u00e7\u00e3o auditiva e a falta de controle do ru\u00eddo nas fontes s\u00e3o fatores que agravam esse problema.<\/p>\n<p><strong>Normas Regulamentadoras e Limites de Exposi\u00e7\u00e3o ao Ru\u00eddo<\/strong><\/p>\n<p>No Brasil, a <strong>NR-15<\/strong>, que trata das atividades e opera\u00e7\u00f5es insalubres, estabelece os <strong>limites de toler\u00e2ncia para exposi\u00e7\u00e3o ao ru\u00eddo cont\u00ednuo ou intermitente<\/strong>. Segundo a norma, o limite m\u00e1ximo de exposi\u00e7\u00e3o sem a necessidade de medidas corretivas \u00e9 de 85 dB, para uma jornada de trabalho de at\u00e9 8 horas. Para n\u00edveis de ru\u00eddo mais altos, o tempo de exposi\u00e7\u00e3o permitido diminui proporcionalmente.<\/p>\n<p>Al\u00e9m da NR-15, a <strong>NR-9<\/strong>, que trata do Programa de Preven\u00e7\u00e3o de Riscos Ambientais (PPRA), tamb\u00e9m exige que as empresas realizem avalia\u00e7\u00f5es peri\u00f3dicas dos n\u00edveis de ru\u00eddo, adotem medidas preventivas e ofere\u00e7am equipamentos de prote\u00e7\u00e3o individual (EPIs) adequados para proteger a sa\u00fade dos trabalhadores.<\/p>\n<p><strong>Medidas de Controle de Ru\u00eddo no Ambiente de Trabalho<\/strong><\/p>\n<p>A gest\u00e3o eficiente do ru\u00eddo no ambiente de trabalho depende da ado\u00e7\u00e3o de medidas preventivas e corretivas, tanto em n\u00edvel coletivo quanto individual. A seguir, listamos as principais estrat\u00e9gias de controle de ru\u00eddo que podem ser implementadas para preservar a sa\u00fade auditiva dos trabalhadores:<\/p>\n<ol>\n<li><strong> Identifica\u00e7\u00e3o e Avalia\u00e7\u00e3o dos N\u00edveis de Ru\u00eddo<\/strong><\/li>\n<\/ol>\n<p>O primeiro passo no controle do ru\u00eddo \u00e9 realizar uma avalia\u00e7\u00e3o precisa dos n\u00edveis de som em diferentes \u00e1reas do ambiente de trabalho. Essa an\u00e1lise deve ser feita por meio de um <strong>monitoramento ambiental<\/strong>, utilizando equipamentos como dos\u00edmetros e decibel\u00edmetros, que medem a intensidade do ru\u00eddo ao qual os trabalhadores est\u00e3o expostos.<\/p>\n<p>Com base nos resultados desse monitoramento, \u00e9 poss\u00edvel identificar as fontes geradoras de ru\u00eddo e classificar os setores que apresentam maior risco \u00e0 sa\u00fade auditiva dos colaboradores. A partir dessa avalia\u00e7\u00e3o, a empresa pode estabelecer um <strong>plano de a\u00e7\u00e3o<\/strong> para reduzir os n\u00edveis de ru\u00eddo ou proteger adequadamente os trabalhadores expostos.<\/p>\n<ol start=\"2\">\n<li><strong> Medidas de Prote\u00e7\u00e3o Coletiva<\/strong><\/li>\n<\/ol>\n<p>As <strong>medidas de prote\u00e7\u00e3o coletiva<\/strong> s\u00e3o as mais eficazes para controlar o ru\u00eddo na fonte e minimizar os riscos de exposi\u00e7\u00e3o. Algumas dessas medidas incluem:<\/p>\n<ul>\n<li><strong>Isolamento ac\u00fastico<\/strong>: A instala\u00e7\u00e3o de barreiras ou paredes ac\u00fasticas em torno de m\u00e1quinas e equipamentos ruidosos \u00e9 uma solu\u00e7\u00e3o comum para reduzir a propaga\u00e7\u00e3o do som no ambiente de trabalho.<\/li>\n<li><strong>Manuten\u00e7\u00e3o preventiva de m\u00e1quinas<\/strong>: Equipamentos mal conservados tendem a gerar mais ru\u00eddo. Realizar manuten\u00e7\u00f5es regulares pode minimizar os sons excessivos e prolongar a vida \u00fatil dos equipamentos.<\/li>\n<li><strong>Substitui\u00e7\u00e3o de equipamentos<\/strong>: M\u00e1quinas antigas ou defeituosas podem ser substitu\u00eddas por modelos mais modernos e silenciosos, que atendem \u00e0s exig\u00eancias de seguran\u00e7a e operam com menor impacto sonoro.<\/li>\n<li><strong>Redu\u00e7\u00e3o da reverbera\u00e7\u00e3o<\/strong>: Em ambientes onde o som se propaga facilmente, o uso de materiais que absorvem ru\u00eddos, como pain\u00e9is ac\u00fasticos ou pisos emborrachados, pode reduzir a reverbera\u00e7\u00e3o e melhorar o conforto ac\u00fastico.<\/li>\n<\/ul>\n<ol start=\"3\">\n<li><strong> Equipamentos de Prote\u00e7\u00e3o Individual (EPIs)<\/strong><\/li>\n<\/ol>\n<p>Quando as medidas de prote\u00e7\u00e3o coletiva n\u00e3o s\u00e3o suficientes para reduzir os n\u00edveis de ru\u00eddo abaixo dos limites de toler\u00e2ncia, \u00e9 necess\u00e1rio fornecer <strong>Equipamentos de Prote\u00e7\u00e3o Individual (EPIs)<\/strong> adequados aos trabalhadores. Os principais EPIs utilizados para proteger a sa\u00fade auditiva incluem:<\/p>\n<ul>\n<li><strong>Protetores auriculares<\/strong>: S\u00e3o pequenos dispositivos que se ajustam ao canal auditivo, bloqueando a entrada de som. Existem diversos tipos de protetores, como os de espuma, de silicone e os moldados, que devem ser escolhidos conforme o n\u00edvel de ru\u00eddo e a atividade realizada.<\/li>\n<li><strong>Abafadores de ru\u00eddo<\/strong>: S\u00e3o dispositivos que cobrem toda a orelha e s\u00e3o indicados para ambientes com n\u00edveis de ru\u00eddo extremamente altos. Al\u00e9m de protegerem contra sons nocivos, os abafadores proporcionam maior conforto ao trabalhador em atividades prolongadas.<\/li>\n<\/ul>\n<p>A escolha do EPI correto deve ser feita com base na intensidade do ru\u00eddo e na atividade desempenhada, sempre considerando o conforto do trabalhador para garantir sua ades\u00e3o ao uso cont\u00ednuo.<\/p>\n<ol start=\"4\">\n<li><strong> Treinamento e Conscientiza\u00e7\u00e3o dos Trabalhadores<\/strong><\/li>\n<\/ol>\n<p>O uso adequado dos EPIs e o cumprimento das medidas de prote\u00e7\u00e3o dependem do <strong>treinamento cont\u00ednuo e da conscientiza\u00e7\u00e3o<\/strong> dos trabalhadores. \u00c9 importante que todos os colaboradores compreendam os riscos associados \u00e0 exposi\u00e7\u00e3o prolongada ao ru\u00eddo e saibam como utilizar corretamente os equipamentos de prote\u00e7\u00e3o fornecidos.<\/p>\n<p>Al\u00e9m disso, campanhas de conscientiza\u00e7\u00e3o sobre os danos causados pelo ru\u00eddo excessivo, tanto no ambiente de trabalho quanto fora dele, s\u00e3o essenciais para promover a preven\u00e7\u00e3o. A <strong>reciclagem peri\u00f3dica<\/strong> tamb\u00e9m \u00e9 uma boa pr\u00e1tica para manter os trabalhadores atualizados sobre as melhores formas de se proteger.<\/p>\n<ol start=\"5\">\n<li><strong> Monitoramento Cont\u00ednuo e Acompanhamento M\u00e9dico<\/strong><\/li>\n<\/ol>\n<p>O controle de ru\u00eddo no ambiente de trabalho n\u00e3o deve ser uma a\u00e7\u00e3o pontual, mas um processo cont\u00ednuo de avalia\u00e7\u00e3o e ajuste. O monitoramento peri\u00f3dico dos n\u00edveis de ru\u00eddo, aliado ao <strong>acompanhamento m\u00e9dico regular<\/strong>, garante que eventuais danos \u00e0 sa\u00fade auditiva dos trabalhadores sejam detectados precocemente.<\/p>\n<p>A realiza\u00e7\u00e3o de <strong>audiometrias peri\u00f3dicas<\/strong> \u00e9 uma exig\u00eancia da <strong>NR-7<\/strong>, que trata do Programa de Controle M\u00e9dico de Sa\u00fade Ocupacional (PCMSO). Esses exames s\u00e3o fundamentais para identificar perdas auditivas no est\u00e1gio inicial e implementar medidas corretivas antes que os danos se tornem irrevers\u00edveis.<\/p>\n<p>O controle de ru\u00eddo no ambiente de trabalho \u00e9 uma pr\u00e1tica essencial para proteger a sa\u00fade auditiva dos trabalhadores e garantir a conformidade com as normas regulamentadoras. Al\u00e9m de evitar doen\u00e7as ocupacionais, como a perda auditiva induzida por ru\u00eddo, as medidas de controle tamb\u00e9m promovem um ambiente de trabalho mais seguro e produtivo.<\/p>\n<p>A <strong>Almeida Engenharia e Medicina do Trabalho<\/strong> oferece solu\u00e7\u00f5es especializadas em avalia\u00e7\u00e3o de ru\u00eddo e implementa\u00e7\u00e3o de programas de preven\u00e7\u00e3o, garantindo que sua empresa esteja em conformidade com as exig\u00eancias legais e que seus trabalhadores estejam protegidos contra os riscos auditivos.<\/p>\n<p>&nbsp;<\/p>\n","protected":false},"excerpt":{"rendered":"<p>\u00a0Controle de ru\u00eddo e a sa\u00fade auditiva dos trabalhadores: protegendo a integridade auditiva no ambiente de trabalho &nbsp; O ru\u00eddo \u00e9 um dos riscos ocupacionais mais comuns em diversos setores industriais, e a exposi\u00e7\u00e3o prolongada a n\u00edveis elevados pode causar danos irrevers\u00edveis \u00e0 sa\u00fade auditiva dos trabalhadores. O controle de ru\u00eddo \u00e9 uma pr\u00e1tica essencial [&hellip;]<\/p>\n","protected":false},"author":1,"featured_media":531,"comment_status":"open","ping_status":"open","sticky":false,"template":"","format":"standard","meta":{"footnotes":""},"categories":[309],"tags":[264,288,296,320,299,319,215,300,223],"class_list":["post-530","post","type-post","status-publish","format-standard","has-post-thumbnail","hentry","category-blog","tag-ambiente","tag-auditiva","tag-controle","tag-integridade","tag-protegendo","tag-ruido","tag-saude","tag-trabalhadores","tag-trabalho"],"yoast_head":"<!-- This site is optimized with the Yoast SEO plugin v26.0 - https:\/\/yoast.com\/wordpress\/plugins\/seo\/ -->\n<title>Controle de ru\u00eddo e a sa\u00fade auditiva dos trabalhadores: protegendo a integridade auditiva no ambiente de trabalho - Almeida Consultoria<\/title>\n<meta name=\"robots\" content=\"index, follow, max-snippet:-1, max-image-preview:large, max-video-preview:-1\" \/>\n<link rel=\"canonical\" href=\"https:\/\/www.almeidaengenhariamedicina.com.br\/blog\/controle-de-ruido-e-a-saude-auditiva-dos-trabalhadores-protegendo-a-integridade-auditiva-no-ambiente-de-trabalho\/\" \/>\n<meta property=\"og:locale\" content=\"pt_BR\" \/>\n<meta property=\"og:type\" content=\"article\" \/>\n<meta property=\"og:title\" content=\"Controle de ru\u00eddo e a sa\u00fade auditiva dos trabalhadores: protegendo a integridade auditiva no ambiente de trabalho - Almeida Consultoria\" \/>\n<meta property=\"og:description\" content=\"\u00a0Controle de ru\u00eddo e a sa\u00fade auditiva dos trabalhadores: protegendo a integridade auditiva no ambiente de trabalho &nbsp; O ru\u00eddo \u00e9 um dos riscos ocupacionais mais comuns em diversos setores industriais, e a exposi\u00e7\u00e3o prolongada a n\u00edveis elevados pode causar danos irrevers\u00edveis \u00e0 sa\u00fade auditiva dos trabalhadores. O controle de ru\u00eddo \u00e9 uma pr\u00e1tica essencial [&hellip;]\" \/>\n<meta property=\"og:url\" content=\"https:\/\/www.almeidaengenhariamedicina.com.br\/blog\/controle-de-ruido-e-a-saude-auditiva-dos-trabalhadores-protegendo-a-integridade-auditiva-no-ambiente-de-trabalho\/\" \/>\n<meta property=\"og:site_name\" content=\"Almeida Consultoria\" \/>\n<meta property=\"article:published_time\" content=\"2024-12-11T14:28:48+00:00\" \/>\n<meta property=\"og:image\" content=\"https:\/\/www.almeidaengenhariamedicina.com.br\/blog\/wp-content\/uploads\/2024\/11\/Controle-de-Ruido-e-a-Saude-Auditiva-dos-Trabalhadores-Protegendo-a-Integridade-Auditiva-no-Ambiente-de-Trabalho.jpg\" \/>\n\t<meta property=\"og:image:width\" content=\"800\" \/>\n\t<meta property=\"og:image:height\" content=\"800\" \/>\n\t<meta property=\"og:image:type\" content=\"image\/jpeg\" \/>\n<meta name=\"author\" content=\"admin\" \/>\n<meta name=\"twitter:card\" content=\"summary_large_image\" \/>\n<meta name=\"twitter:label1\" content=\"Escrito por\" \/>\n\t<meta name=\"twitter:data1\" content=\"admin\" \/>\n\t<meta name=\"twitter:label2\" content=\"Est. tempo de leitura\" \/>\n\t<meta name=\"twitter:data2\" content=\"6 minutos\" \/>\n<script type=\"application\/ld+json\" class=\"yoast-schema-graph\">{\"@context\":\"https:\/\/schema.org\",\"@graph\":[{\"@type\":\"Article\",\"@id\":\"https:\/\/www.almeidaengenhariamedicina.com.br\/blog\/controle-de-ruido-e-a-saude-auditiva-dos-trabalhadores-protegendo-a-integridade-auditiva-no-ambiente-de-trabalho\/#article\",\"isPartOf\":{\"@id\":\"https:\/\/www.almeidaengenhariamedicina.com.br\/blog\/controle-de-ruido-e-a-saude-auditiva-dos-trabalhadores-protegendo-a-integridade-auditiva-no-ambiente-de-trabalho\/\"},\"author\":{\"name\":\"admin\",\"@id\":\"https:\/\/www.almeidaengenhariamedicina.com.br\/blog\/#\/schema\/person\/f6e948fe1333019101cb2d86cc183dae\"},\"headline\":\"Controle de ru\u00eddo e a sa\u00fade auditiva dos trabalhadores: protegendo a integridade auditiva no ambiente de trabalho\",\"datePublished\":\"2024-12-11T14:28:48+00:00\",\"mainEntityOfPage\":{\"@id\":\"https:\/\/www.almeidaengenhariamedicina.com.br\/blog\/controle-de-ruido-e-a-saude-auditiva-dos-trabalhadores-protegendo-a-integridade-auditiva-no-ambiente-de-trabalho\/\"},\"wordCount\":1292,\"commentCount\":0,\"publisher\":{\"@id\":\"https:\/\/www.almeidaengenhariamedicina.com.br\/blog\/#organization\"},\"image\":{\"@id\":\"https:\/\/www.almeidaengenhariamedicina.com.br\/blog\/controle-de-ruido-e-a-saude-auditiva-dos-trabalhadores-protegendo-a-integridade-auditiva-no-ambiente-de-trabalho\/#primaryimage\"},\"thumbnailUrl\":\"https:\/\/www.almeidaengenhariamedicina.com.br\/blog\/wp-content\/uploads\/2024\/11\/Controle-de-Ruido-e-a-Saude-Auditiva-dos-Trabalhadores-Protegendo-a-Integridade-Auditiva-no-Ambiente-de-Trabalho.jpg\",\"keywords\":[\"ambiente\",\"Auditiva\",\"Controle\",\"integridade\",\"Protegendo\",\"ru\u00eddo\",\"sa\u00fade\",\"Trabalhadores\",\"trabalho\"],\"articleSection\":[\"Blog\"],\"inLanguage\":\"pt-BR\",\"potentialAction\":[{\"@type\":\"CommentAction\",\"name\":\"Comment\",\"target\":[\"https:\/\/www.almeidaengenhariamedicina.com.br\/blog\/controle-de-ruido-e-a-saude-auditiva-dos-trabalhadores-protegendo-a-integridade-auditiva-no-ambiente-de-trabalho\/#respond\"]}]},{\"@type\":\"WebPage\",\"@id\":\"https:\/\/www.almeidaengenhariamedicina.com.br\/blog\/controle-de-ruido-e-a-saude-auditiva-dos-trabalhadores-protegendo-a-integridade-auditiva-no-ambiente-de-trabalho\/\",\"url\":\"https:\/\/www.almeidaengenhariamedicina.com.br\/blog\/controle-de-ruido-e-a-saude-auditiva-dos-trabalhadores-protegendo-a-integridade-auditiva-no-ambiente-de-trabalho\/\",\"name\":\"Controle de ru\u00eddo e a sa\u00fade auditiva dos trabalhadores: protegendo a integridade auditiva no ambiente de trabalho - Almeida Consultoria\",\"isPartOf\":{\"@id\":\"https:\/\/www.almeidaengenhariamedicina.com.br\/blog\/#website\"},\"primaryImageOfPage\":{\"@id\":\"https:\/\/www.almeidaengenhariamedicina.com.br\/blog\/controle-de-ruido-e-a-saude-auditiva-dos-trabalhadores-protegendo-a-integridade-auditiva-no-ambiente-de-trabalho\/#primaryimage\"},\"image\":{\"@id\":\"https:\/\/www.almeidaengenhariamedicina.com.br\/blog\/controle-de-ruido-e-a-saude-auditiva-dos-trabalhadores-protegendo-a-integridade-auditiva-no-ambiente-de-trabalho\/#primaryimage\"},\"thumbnailUrl\":\"https:\/\/www.almeidaengenhariamedicina.com.br\/blog\/wp-content\/uploads\/2024\/11\/Controle-de-Ruido-e-a-Saude-Auditiva-dos-Trabalhadores-Protegendo-a-Integridade-Auditiva-no-Ambiente-de-Trabalho.jpg\",\"datePublished\":\"2024-12-11T14:28:48+00:00\",\"breadcrumb\":{\"@id\":\"https:\/\/www.almeidaengenhariamedicina.com.br\/blog\/controle-de-ruido-e-a-saude-auditiva-dos-trabalhadores-protegendo-a-integridade-auditiva-no-ambiente-de-trabalho\/#breadcrumb\"},\"inLanguage\":\"pt-BR\",\"potentialAction\":[{\"@type\":\"ReadAction\",\"target\":[\"https:\/\/www.almeidaengenhariamedicina.com.br\/blog\/controle-de-ruido-e-a-saude-auditiva-dos-trabalhadores-protegendo-a-integridade-auditiva-no-ambiente-de-trabalho\/\"]}]},{\"@type\":\"ImageObject\",\"inLanguage\":\"pt-BR\",\"@id\":\"https:\/\/www.almeidaengenhariamedicina.com.br\/blog\/controle-de-ruido-e-a-saude-auditiva-dos-trabalhadores-protegendo-a-integridade-auditiva-no-ambiente-de-trabalho\/#primaryimage\",\"url\":\"https:\/\/www.almeidaengenhariamedicina.com.br\/blog\/wp-content\/uploads\/2024\/11\/Controle-de-Ruido-e-a-Saude-Auditiva-dos-Trabalhadores-Protegendo-a-Integridade-Auditiva-no-Ambiente-de-Trabalho.jpg\",\"contentUrl\":\"https:\/\/www.almeidaengenhariamedicina.com.br\/blog\/wp-content\/uploads\/2024\/11\/Controle-de-Ruido-e-a-Saude-Auditiva-dos-Trabalhadores-Protegendo-a-Integridade-Auditiva-no-Ambiente-de-Trabalho.jpg\",\"width\":800,\"height\":800,\"caption\":\"Controle de Ru\u00eddo e a Sa\u00fade Auditiva dos Trabalhadores:\"},{\"@type\":\"BreadcrumbList\",\"@id\":\"https:\/\/www.almeidaengenhariamedicina.com.br\/blog\/controle-de-ruido-e-a-saude-auditiva-dos-trabalhadores-protegendo-a-integridade-auditiva-no-ambiente-de-trabalho\/#breadcrumb\",\"itemListElement\":[{\"@type\":\"ListItem\",\"position\":1,\"name\":\"In\u00edcio\",\"item\":\"https:\/\/www.almeidaengenhariamedicina.com.br\/blog\/\"},{\"@type\":\"ListItem\",\"position\":2,\"name\":\"Controle de ru\u00eddo e a sa\u00fade auditiva dos trabalhadores: protegendo a integridade auditiva no ambiente de trabalho\"}]},{\"@type\":\"WebSite\",\"@id\":\"https:\/\/www.almeidaengenhariamedicina.com.br\/blog\/#website\",\"url\":\"https:\/\/www.almeidaengenhariamedicina.com.br\/blog\/\",\"name\":\"Almeida Consultoria\",\"description\":\"Engenharia e medicina do trabalho\",\"publisher\":{\"@id\":\"https:\/\/www.almeidaengenhariamedicina.com.br\/blog\/#organization\"},\"potentialAction\":[{\"@type\":\"SearchAction\",\"target\":{\"@type\":\"EntryPoint\",\"urlTemplate\":\"https:\/\/www.almeidaengenhariamedicina.com.br\/blog\/?s={search_term_string}\"},\"query-input\":{\"@type\":\"PropertyValueSpecification\",\"valueRequired\":true,\"valueName\":\"search_term_string\"}}],\"inLanguage\":\"pt-BR\"},{\"@type\":\"Organization\",\"@id\":\"https:\/\/www.almeidaengenhariamedicina.com.br\/blog\/#organization\",\"name\":\"Almeida Consultoria\",\"url\":\"https:\/\/www.almeidaengenhariamedicina.com.br\/blog\/\",\"logo\":{\"@type\":\"ImageObject\",\"inLanguage\":\"pt-BR\",\"@id\":\"https:\/\/www.almeidaengenhariamedicina.com.br\/blog\/#\/schema\/logo\/image\/\",\"url\":\"https:\/\/www.almeidaengenhariamedicina.com.br\/blog\/wp-content\/uploads\/2021\/02\/cropped-logo.png\",\"contentUrl\":\"https:\/\/www.almeidaengenhariamedicina.com.br\/blog\/wp-content\/uploads\/2021\/02\/cropped-logo.png\",\"width\":240,\"height\":41,\"caption\":\"Almeida Consultoria\"},\"image\":{\"@id\":\"https:\/\/www.almeidaengenhariamedicina.com.br\/blog\/#\/schema\/logo\/image\/\"}},{\"@type\":\"Person\",\"@id\":\"https:\/\/www.almeidaengenhariamedicina.com.br\/blog\/#\/schema\/person\/f6e948fe1333019101cb2d86cc183dae\",\"name\":\"admin\",\"image\":{\"@type\":\"ImageObject\",\"inLanguage\":\"pt-BR\",\"@id\":\"https:\/\/www.almeidaengenhariamedicina.com.br\/blog\/#\/schema\/person\/image\/\",\"url\":\"https:\/\/www.almeidaengenhariamedicina.com.br\/blog\/wp-content\/litespeed\/avatar\/6dfb5669c2a2dd2c6a9043883036f8c7.jpg?ver=1776958353\",\"contentUrl\":\"https:\/\/www.almeidaengenhariamedicina.com.br\/blog\/wp-content\/litespeed\/avatar\/6dfb5669c2a2dd2c6a9043883036f8c7.jpg?ver=1776958353\",\"caption\":\"admin\"},\"url\":\"https:\/\/www.almeidaengenhariamedicina.com.br\/blog\/author\/admin\/\"}]}<\/script>\n<!-- \/ Yoast SEO plugin. -->","yoast_head_json":{"title":"Controle de ru\u00eddo e a sa\u00fade auditiva dos trabalhadores: protegendo a integridade auditiva no ambiente de trabalho - Almeida Consultoria","robots":{"index":"index","follow":"follow","max-snippet":"max-snippet:-1","max-image-preview":"max-image-preview:large","max-video-preview":"max-video-preview:-1"},"canonical":"https:\/\/www.almeidaengenhariamedicina.com.br\/blog\/controle-de-ruido-e-a-saude-auditiva-dos-trabalhadores-protegendo-a-integridade-auditiva-no-ambiente-de-trabalho\/","og_locale":"pt_BR","og_type":"article","og_title":"Controle de ru\u00eddo e a sa\u00fade auditiva dos trabalhadores: protegendo a integridade auditiva no ambiente de trabalho - Almeida Consultoria","og_description":"\u00a0Controle de ru\u00eddo e a sa\u00fade auditiva dos trabalhadores: protegendo a integridade auditiva no ambiente de trabalho &nbsp; O ru\u00eddo \u00e9 um dos riscos ocupacionais mais comuns em diversos setores industriais, e a exposi\u00e7\u00e3o prolongada a n\u00edveis elevados pode causar danos irrevers\u00edveis \u00e0 sa\u00fade auditiva dos trabalhadores. O controle de ru\u00eddo \u00e9 uma pr\u00e1tica essencial [&hellip;]","og_url":"https:\/\/www.almeidaengenhariamedicina.com.br\/blog\/controle-de-ruido-e-a-saude-auditiva-dos-trabalhadores-protegendo-a-integridade-auditiva-no-ambiente-de-trabalho\/","og_site_name":"Almeida Consultoria","article_published_time":"2024-12-11T14:28:48+00:00","og_image":[{"width":800,"height":800,"url":"https:\/\/www.almeidaengenhariamedicina.com.br\/blog\/wp-content\/uploads\/2024\/11\/Controle-de-Ruido-e-a-Saude-Auditiva-dos-Trabalhadores-Protegendo-a-Integridade-Auditiva-no-Ambiente-de-Trabalho.jpg","type":"image\/jpeg"}],"author":"admin","twitter_card":"summary_large_image","twitter_misc":{"Escrito por":"admin","Est. tempo de leitura":"6 minutos"},"schema":{"@context":"https:\/\/schema.org","@graph":[{"@type":"Article","@id":"https:\/\/www.almeidaengenhariamedicina.com.br\/blog\/controle-de-ruido-e-a-saude-auditiva-dos-trabalhadores-protegendo-a-integridade-auditiva-no-ambiente-de-trabalho\/#article","isPartOf":{"@id":"https:\/\/www.almeidaengenhariamedicina.com.br\/blog\/controle-de-ruido-e-a-saude-auditiva-dos-trabalhadores-protegendo-a-integridade-auditiva-no-ambiente-de-trabalho\/"},"author":{"name":"admin","@id":"https:\/\/www.almeidaengenhariamedicina.com.br\/blog\/#\/schema\/person\/f6e948fe1333019101cb2d86cc183dae"},"headline":"Controle de ru\u00eddo e a sa\u00fade auditiva dos trabalhadores: protegendo a integridade auditiva no ambiente de trabalho","datePublished":"2024-12-11T14:28:48+00:00","mainEntityOfPage":{"@id":"https:\/\/www.almeidaengenhariamedicina.com.br\/blog\/controle-de-ruido-e-a-saude-auditiva-dos-trabalhadores-protegendo-a-integridade-auditiva-no-ambiente-de-trabalho\/"},"wordCount":1292,"commentCount":0,"publisher":{"@id":"https:\/\/www.almeidaengenhariamedicina.com.br\/blog\/#organization"},"image":{"@id":"https:\/\/www.almeidaengenhariamedicina.com.br\/blog\/controle-de-ruido-e-a-saude-auditiva-dos-trabalhadores-protegendo-a-integridade-auditiva-no-ambiente-de-trabalho\/#primaryimage"},"thumbnailUrl":"https:\/\/www.almeidaengenhariamedicina.com.br\/blog\/wp-content\/uploads\/2024\/11\/Controle-de-Ruido-e-a-Saude-Auditiva-dos-Trabalhadores-Protegendo-a-Integridade-Auditiva-no-Ambiente-de-Trabalho.jpg","keywords":["ambiente","Auditiva","Controle","integridade","Protegendo","ru\u00eddo","sa\u00fade","Trabalhadores","trabalho"],"articleSection":["Blog"],"inLanguage":"pt-BR","potentialAction":[{"@type":"CommentAction","name":"Comment","target":["https:\/\/www.almeidaengenhariamedicina.com.br\/blog\/controle-de-ruido-e-a-saude-auditiva-dos-trabalhadores-protegendo-a-integridade-auditiva-no-ambiente-de-trabalho\/#respond"]}]},{"@type":"WebPage","@id":"https:\/\/www.almeidaengenhariamedicina.com.br\/blog\/controle-de-ruido-e-a-saude-auditiva-dos-trabalhadores-protegendo-a-integridade-auditiva-no-ambiente-de-trabalho\/","url":"https:\/\/www.almeidaengenhariamedicina.com.br\/blog\/controle-de-ruido-e-a-saude-auditiva-dos-trabalhadores-protegendo-a-integridade-auditiva-no-ambiente-de-trabalho\/","name":"Controle de ru\u00eddo e a sa\u00fade auditiva dos trabalhadores: protegendo a integridade auditiva no ambiente de trabalho - Almeida Consultoria","isPartOf":{"@id":"https:\/\/www.almeidaengenhariamedicina.com.br\/blog\/#website"},"primaryImageOfPage":{"@id":"https:\/\/www.almeidaengenhariamedicina.com.br\/blog\/controle-de-ruido-e-a-saude-auditiva-dos-trabalhadores-protegendo-a-integridade-auditiva-no-ambiente-de-trabalho\/#primaryimage"},"image":{"@id":"https:\/\/www.almeidaengenhariamedicina.com.br\/blog\/controle-de-ruido-e-a-saude-auditiva-dos-trabalhadores-protegendo-a-integridade-auditiva-no-ambiente-de-trabalho\/#primaryimage"},"thumbnailUrl":"https:\/\/www.almeidaengenhariamedicina.com.br\/blog\/wp-content\/uploads\/2024\/11\/Controle-de-Ruido-e-a-Saude-Auditiva-dos-Trabalhadores-Protegendo-a-Integridade-Auditiva-no-Ambiente-de-Trabalho.jpg","datePublished":"2024-12-11T14:28:48+00:00","breadcrumb":{"@id":"https:\/\/www.almeidaengenhariamedicina.com.br\/blog\/controle-de-ruido-e-a-saude-auditiva-dos-trabalhadores-protegendo-a-integridade-auditiva-no-ambiente-de-trabalho\/#breadcrumb"},"inLanguage":"pt-BR","potentialAction":[{"@type":"ReadAction","target":["https:\/\/www.almeidaengenhariamedicina.com.br\/blog\/controle-de-ruido-e-a-saude-auditiva-dos-trabalhadores-protegendo-a-integridade-auditiva-no-ambiente-de-trabalho\/"]}]},{"@type":"ImageObject","inLanguage":"pt-BR","@id":"https:\/\/www.almeidaengenhariamedicina.com.br\/blog\/controle-de-ruido-e-a-saude-auditiva-dos-trabalhadores-protegendo-a-integridade-auditiva-no-ambiente-de-trabalho\/#primaryimage","url":"https:\/\/www.almeidaengenhariamedicina.com.br\/blog\/wp-content\/uploads\/2024\/11\/Controle-de-Ruido-e-a-Saude-Auditiva-dos-Trabalhadores-Protegendo-a-Integridade-Auditiva-no-Ambiente-de-Trabalho.jpg","contentUrl":"https:\/\/www.almeidaengenhariamedicina.com.br\/blog\/wp-content\/uploads\/2024\/11\/Controle-de-Ruido-e-a-Saude-Auditiva-dos-Trabalhadores-Protegendo-a-Integridade-Auditiva-no-Ambiente-de-Trabalho.jpg","width":800,"height":800,"caption":"Controle de Ru\u00eddo e a Sa\u00fade Auditiva dos Trabalhadores:"},{"@type":"BreadcrumbList","@id":"https:\/\/www.almeidaengenhariamedicina.com.br\/blog\/controle-de-ruido-e-a-saude-auditiva-dos-trabalhadores-protegendo-a-integridade-auditiva-no-ambiente-de-trabalho\/#breadcrumb","itemListElement":[{"@type":"ListItem","position":1,"name":"In\u00edcio","item":"https:\/\/www.almeidaengenhariamedicina.com.br\/blog\/"},{"@type":"ListItem","position":2,"name":"Controle de ru\u00eddo e a sa\u00fade auditiva dos trabalhadores: protegendo a integridade auditiva no ambiente de trabalho"}]},{"@type":"WebSite","@id":"https:\/\/www.almeidaengenhariamedicina.com.br\/blog\/#website","url":"https:\/\/www.almeidaengenhariamedicina.com.br\/blog\/","name":"Almeida Consultoria","description":"Engenharia e medicina do trabalho","publisher":{"@id":"https:\/\/www.almeidaengenhariamedicina.com.br\/blog\/#organization"},"potentialAction":[{"@type":"SearchAction","target":{"@type":"EntryPoint","urlTemplate":"https:\/\/www.almeidaengenhariamedicina.com.br\/blog\/?s={search_term_string}"},"query-input":{"@type":"PropertyValueSpecification","valueRequired":true,"valueName":"search_term_string"}}],"inLanguage":"pt-BR"},{"@type":"Organization","@id":"https:\/\/www.almeidaengenhariamedicina.com.br\/blog\/#organization","name":"Almeida Consultoria","url":"https:\/\/www.almeidaengenhariamedicina.com.br\/blog\/","logo":{"@type":"ImageObject","inLanguage":"pt-BR","@id":"https:\/\/www.almeidaengenhariamedicina.com.br\/blog\/#\/schema\/logo\/image\/","url":"https:\/\/www.almeidaengenhariamedicina.com.br\/blog\/wp-content\/uploads\/2021\/02\/cropped-logo.png","contentUrl":"https:\/\/www.almeidaengenhariamedicina.com.br\/blog\/wp-content\/uploads\/2021\/02\/cropped-logo.png","width":240,"height":41,"caption":"Almeida Consultoria"},"image":{"@id":"https:\/\/www.almeidaengenhariamedicina.com.br\/blog\/#\/schema\/logo\/image\/"}},{"@type":"Person","@id":"https:\/\/www.almeidaengenhariamedicina.com.br\/blog\/#\/schema\/person\/f6e948fe1333019101cb2d86cc183dae","name":"admin","image":{"@type":"ImageObject","inLanguage":"pt-BR","@id":"https:\/\/www.almeidaengenhariamedicina.com.br\/blog\/#\/schema\/person\/image\/","url":"https:\/\/www.almeidaengenhariamedicina.com.br\/blog\/wp-content\/litespeed\/avatar\/6dfb5669c2a2dd2c6a9043883036f8c7.jpg?ver=1776958353","contentUrl":"https:\/\/www.almeidaengenhariamedicina.com.br\/blog\/wp-content\/litespeed\/avatar\/6dfb5669c2a2dd2c6a9043883036f8c7.jpg?ver=1776958353","caption":"admin"},"url":"https:\/\/www.almeidaengenhariamedicina.com.br\/blog\/author\/admin\/"}]}},"_links":{"self":[{"href":"https:\/\/www.almeidaengenhariamedicina.com.br\/blog\/wp-json\/wp\/v2\/posts\/530","targetHints":{"allow":["GET"]}}],"collection":[{"href":"https:\/\/www.almeidaengenhariamedicina.com.br\/blog\/wp-json\/wp\/v2\/posts"}],"about":[{"href":"https:\/\/www.almeidaengenhariamedicina.com.br\/blog\/wp-json\/wp\/v2\/types\/post"}],"author":[{"embeddable":true,"href":"https:\/\/www.almeidaengenhariamedicina.com.br\/blog\/wp-json\/wp\/v2\/users\/1"}],"replies":[{"embeddable":true,"href":"https:\/\/www.almeidaengenhariamedicina.com.br\/blog\/wp-json\/wp\/v2\/comments?post=530"}],"version-history":[{"count":1,"href":"https:\/\/www.almeidaengenhariamedicina.com.br\/blog\/wp-json\/wp\/v2\/posts\/530\/revisions"}],"predecessor-version":[{"id":532,"href":"https:\/\/www.almeidaengenhariamedicina.com.br\/blog\/wp-json\/wp\/v2\/posts\/530\/revisions\/532"}],"wp:featuredmedia":[{"embeddable":true,"href":"https:\/\/www.almeidaengenhariamedicina.com.br\/blog\/wp-json\/wp\/v2\/media\/531"}],"wp:attachment":[{"href":"https:\/\/www.almeidaengenhariamedicina.com.br\/blog\/wp-json\/wp\/v2\/media?parent=530"}],"wp:term":[{"taxonomy":"category","embeddable":true,"href":"https:\/\/www.almeidaengenhariamedicina.com.br\/blog\/wp-json\/wp\/v2\/categories?post=530"},{"taxonomy":"post_tag","embeddable":true,"href":"https:\/\/www.almeidaengenhariamedicina.com.br\/blog\/wp-json\/wp\/v2\/tags?post=530"}],"curies":[{"name":"wp","href":"https:\/\/api.w.org\/{rel}","templated":true}]}}