{"id":536,"date":"2025-01-08T14:40:47","date_gmt":"2025-01-08T14:40:47","guid":{"rendered":"https:\/\/www.almeidaengenhariamedicina.com.br\/blog\/?p=536"},"modified":"2024-11-06T14:46:24","modified_gmt":"2024-11-06T14:46:24","slug":"impactos-da-saude-mental-no-desempenho-no-trabalho","status":"publish","type":"post","link":"https:\/\/www.almeidaengenhariamedicina.com.br\/blog\/impactos-da-saude-mental-no-desempenho-no-trabalho\/","title":{"rendered":"Impactos da sa\u00fade mental no desempenho no trabalho"},"content":{"rendered":"<h2>\u00a0Impactos da sa\u00fade mental no desempenho no trabalho<\/h2>\n<p>A sa\u00fade mental tem se tornado um tema cada vez mais debatido no mundo corporativo. Com a press\u00e3o por resultados, prazos apertados, e a constante busca por produtividade, muitos profissionais enfrentam desafios relacionados ao equil\u00edbrio emocional no ambiente de trabalho. A qualidade da sa\u00fade mental afeta diretamente o desempenho dos colaboradores, influenciando fatores como produtividade, motiva\u00e7\u00e3o, engajamento e at\u00e9 as rela\u00e7\u00f5es interpessoais no trabalho.<\/p>\n<p><strong>A rela\u00e7\u00e3o entre sa\u00fade mental e desempenho no trabalho<\/strong><\/p>\n<p>A <strong>sa\u00fade mental<\/strong> pode ser definida como o estado de bem-estar no qual um indiv\u00edduo \u00e9 capaz de lidar com os desafios cotidianos, desempenhar suas fun\u00e7\u00f5es, manter relacionamentos saud\u00e1veis e contribuir para a sociedade. Quando a sa\u00fade mental de um colaborador est\u00e1 comprometida, o desempenho profissional tende a sofrer. Isso ocorre porque quest\u00f5es como estresse, ansiedade e depress\u00e3o interferem diretamente na capacidade de concentra\u00e7\u00e3o, resolu\u00e7\u00e3o de problemas e na tomada de decis\u00f5es.<\/p>\n<p>O ambiente de trabalho tamb\u00e9m pode ser um fator contribuinte para o desenvolvimento de problemas de sa\u00fade mental. Excesso de cobran\u00e7a, falta de reconhecimento, jornadas exaustivas e rela\u00e7\u00f5es conflituosas entre colegas ou gestores podem elevar os n\u00edveis de estresse e criar um cen\u00e1rio de insatisfa\u00e7\u00e3o e baixa produtividade.<\/p>\n<p><strong>Impactos da sa\u00fade mental no desempenho dos colaboradores<\/strong><\/p>\n<ol>\n<li><strong> Redu\u00e7\u00e3o da produtividade<\/strong><\/li>\n<\/ol>\n<p>Problemas de sa\u00fade mental, como a depress\u00e3o e a ansiedade, podem prejudicar a capacidade de foco e de realiza\u00e7\u00e3o de tarefas. Colaboradores que enfrentam dificuldades emocionais frequentemente apresentam quedas na produtividade, cometem erros com mais frequ\u00eancia e levam mais tempo para completar suas tarefas. Isso pode ser devastador para o desempenho de uma equipe ou de uma empresa como um todo.<\/p>\n<ol start=\"2\">\n<li><strong> Falta de engajamento<\/strong><\/li>\n<\/ol>\n<p>A <strong>sa\u00fade mental<\/strong> tamb\u00e9m afeta o n\u00edvel de engajamento de um funcion\u00e1rio. Colaboradores que lidam com altos n\u00edveis de estresse ou outros problemas emocionais tendem a se desmotivar facilmente, perdendo o interesse em contribuir ativamente para o crescimento da empresa. Essa falta de engajamento pode gerar alta rotatividade de funcion\u00e1rios, o que impacta a empresa com custos de recrutamento e treinamento.<\/p>\n<ol start=\"3\">\n<li><strong> Aumento no absente\u00edsmo<\/strong><\/li>\n<\/ol>\n<p>Outro impacto claro da sa\u00fade mental no trabalho \u00e9 o aumento do <strong>absente\u00edsmo<\/strong>. Colaboradores que est\u00e3o lutando contra transtornos psicol\u00f3gicos ou n\u00edveis elevados de estresse muitas vezes precisam se ausentar do trabalho para lidar com sua condi\u00e7\u00e3o. Isso resulta em uma perda de produtividade e sobrecarrega outros membros da equipe, que precisam assumir mais responsabilidades em sua aus\u00eancia.<\/p>\n<ol start=\"4\">\n<li><strong> Conflitos interpessoais<\/strong><\/li>\n<\/ol>\n<p>Problemas emocionais podem afetar diretamente a forma como os colaboradores se relacionam entre si. O estresse, a irritabilidade e a falta de paci\u00eancia s\u00e3o sintomas comuns de pessoas que est\u00e3o enfrentando dificuldades emocionais. Essas quest\u00f5es podem gerar conflitos interpessoais no ambiente de trabalho, prejudicando a colabora\u00e7\u00e3o e a efici\u00eancia das equipes.<\/p>\n<ol start=\"5\">\n<li><strong> Baixa qualidade no trabalho<\/strong><\/li>\n<\/ol>\n<p>Quando um colaborador est\u00e1 com a sa\u00fade mental comprometida, a qualidade do trabalho tamb\u00e9m pode ser prejudicada. A falta de concentra\u00e7\u00e3o e de motiva\u00e7\u00e3o pode resultar em entregas abaixo do esperado, o que afeta a reputa\u00e7\u00e3o do profissional e a imagem da empresa perante clientes e parceiros.<\/p>\n<p><strong>Principais sinais de que a sa\u00fade mental est\u00e1 impactando o trabalho<\/strong><\/p>\n<p>Reconhecer os sinais de que a sa\u00fade mental est\u00e1 afetando o desempenho no trabalho \u00e9 fundamental para que gestores e colegas possam oferecer o suporte necess\u00e1rio. Alguns sinais comuns incluem:<\/p>\n<ul>\n<li><strong>Fadiga constante:<\/strong> O cansa\u00e7o extremo, mesmo ap\u00f3s uma noite de descanso, pode ser um indicador de problemas de sa\u00fade mental, como depress\u00e3o e ansiedade.<\/li>\n<li><strong>Irritabilidade e mudan\u00e7a de humor:<\/strong> Colaboradores que est\u00e3o lidando com problemas emocionais podem apresentar mudan\u00e7as de humor frequentes e irritabilidade excessiva.<\/li>\n<li><strong>Queda na produtividade:<\/strong> Diminui\u00e7\u00e3o na entrega de tarefas, atraso em prazos e aumento no n\u00famero de erros s\u00e3o ind\u00edcios de que algo pode estar afetando a performance do colaborador.<\/li>\n<li><strong>Isolamento social:<\/strong> Funcion\u00e1rios que come\u00e7am a se isolar, evitando intera\u00e7\u00f5es com colegas ou participa\u00e7\u00f5es em atividades em grupo, podem estar enfrentando dificuldades emocionais.<\/li>\n<li><strong>Aumento no absente\u00edsmo:<\/strong> Faltas frequentes e uso excessivo de licen\u00e7as m\u00e9dicas tamb\u00e9m s\u00e3o sinais de que a sa\u00fade mental est\u00e1 em risco.<\/li>\n<\/ul>\n<p><strong>Como as empresas podem promover a sa\u00fade mental no ambiente de trabalho<\/strong><\/p>\n<p>Diante do impacto significativo da sa\u00fade mental no desempenho dos colaboradores, as empresas t\u00eam um papel fundamental em criar um ambiente de trabalho que promova o bem-estar emocional. Aqui est\u00e3o algumas estrat\u00e9gias eficazes que podem ser implementadas:<\/p>\n<ol>\n<li><strong> Programas de suporte psicol\u00f3gico<\/strong><\/li>\n<\/ol>\n<p>Oferecer <strong>assist\u00eancia psicol\u00f3gica<\/strong> aos colaboradores \u00e9 uma das formas mais eficazes de promover a sa\u00fade mental no trabalho. Empresas podem disponibilizar acesso a psic\u00f3logos ou terapeutas, seja por meio de conv\u00eanios ou de programas internos, para que os funcion\u00e1rios possam buscar apoio quando necess\u00e1rio.<\/p>\n<ol start=\"2\">\n<li><strong> Flexibilidade no ambiente de trabalho<\/strong><\/li>\n<\/ol>\n<p>A flexibiliza\u00e7\u00e3o de hor\u00e1rios ou a implementa\u00e7\u00e3o de pol\u00edticas de <strong>home office<\/strong> pode ajudar a reduzir o estresse no ambiente de trabalho. Essa flexibiliza\u00e7\u00e3o permite que os colaboradores equilibrem melhor suas responsabilidades pessoais e profissionais, reduzindo a carga emocional.<\/p>\n<ol start=\"3\">\n<li><strong> Treinamentos e workshops sobre sa\u00fade mental<\/strong><\/li>\n<\/ol>\n<p>Educar os colaboradores sobre a import\u00e2ncia da sa\u00fade mental e como cuidar dela \u00e9 essencial para prevenir problemas maiores. Treinamentos sobre <strong>gest\u00e3o do estresse<\/strong>, <strong>mindfulness<\/strong> e <strong>autocuidado<\/strong> podem ajudar os colaboradores a desenvolverem habilidades para lidar com as press\u00f5es di\u00e1rias.<\/p>\n<ol start=\"4\">\n<li><strong> Ambiente de trabalho saud\u00e1vel<\/strong><\/li>\n<\/ol>\n<p>Criar um ambiente de trabalho agrad\u00e1vel, com comunica\u00e7\u00e3o aberta e respeito entre os membros da equipe, tamb\u00e9m \u00e9 uma medida importante para promover a sa\u00fade mental. Um local onde os colaboradores se sentem ouvidos e valorizados tende a reduzir os n\u00edveis de estresse e aumentar o bem-estar emocional.<\/p>\n<ol start=\"5\">\n<li><strong> Reconhecimento e valoriza\u00e7\u00e3o<\/strong><\/li>\n<\/ol>\n<p>O reconhecimento do esfor\u00e7o e do trabalho bem-feito \u00e9 fundamental para manter os colaboradores motivados. Empresas que investem em uma <strong>cultura de reconhecimento<\/strong> e valoriza\u00e7\u00e3o tendem a ter equipes mais engajadas e emocionalmente saud\u00e1veis.<\/p>\n<p>A sa\u00fade mental no ambiente de trabalho tem impactos profundos no desempenho dos colaboradores e, consequentemente, nos resultados da empresa. Problemas como estresse, ansiedade e depress\u00e3o podem reduzir a produtividade, aumentar o absente\u00edsmo e causar conflitos interpessoais. No entanto, com o suporte adequado, empresas podem promover um ambiente de trabalho mais saud\u00e1vel e produtivo.<\/p>\n<p>Investir na sa\u00fade mental dos colaboradores \u00e9 uma decis\u00e3o estrat\u00e9gica. Ao implementar programas de suporte psicol\u00f3gico, flexibilizar o ambiente de trabalho e fomentar uma cultura de reconhecimento, as empresas podem reduzir os impactos negativos da sa\u00fade mental no desempenho e garantir uma equipe mais motivada e eficiente.<\/p>\n<p>&nbsp;<\/p>\n","protected":false},"excerpt":{"rendered":"<p>\u00a0Impactos da sa\u00fade mental no desempenho no trabalho A sa\u00fade mental tem se tornado um tema cada vez mais debatido no mundo corporativo. Com a press\u00e3o por resultados, prazos apertados, e a constante busca por produtividade, muitos profissionais enfrentam desafios relacionados ao equil\u00edbrio emocional no ambiente de trabalho. A qualidade da sa\u00fade mental afeta diretamente [&hellip;]<\/p>\n","protected":false},"author":1,"featured_media":0,"comment_status":"open","ping_status":"open","sticky":false,"template":"","format":"standard","meta":{"footnotes":""},"categories":[309],"tags":[324,323,284,215,223],"class_list":["post-536","post","type-post","status-publish","format-standard","hentry","category-blog","tag-desempenho","tag-impactos","tag-mental","tag-saude","tag-trabalho"],"yoast_head":"<!-- This site is optimized with the Yoast SEO plugin v26.0 - https:\/\/yoast.com\/wordpress\/plugins\/seo\/ -->\n<title>Impactos da sa\u00fade mental no desempenho no trabalho - Almeida Consultoria<\/title>\n<meta name=\"robots\" content=\"index, follow, max-snippet:-1, max-image-preview:large, max-video-preview:-1\" \/>\n<link rel=\"canonical\" href=\"https:\/\/www.almeidaengenhariamedicina.com.br\/blog\/impactos-da-saude-mental-no-desempenho-no-trabalho\/\" \/>\n<meta property=\"og:locale\" content=\"pt_BR\" \/>\n<meta property=\"og:type\" content=\"article\" \/>\n<meta property=\"og:title\" content=\"Impactos da sa\u00fade mental no desempenho no trabalho - Almeida Consultoria\" \/>\n<meta property=\"og:description\" content=\"\u00a0Impactos da sa\u00fade mental no desempenho no trabalho A sa\u00fade mental tem se tornado um tema cada vez mais debatido no mundo corporativo. Com a press\u00e3o por resultados, prazos apertados, e a constante busca por produtividade, muitos profissionais enfrentam desafios relacionados ao equil\u00edbrio emocional no ambiente de trabalho. A qualidade da sa\u00fade mental afeta diretamente [&hellip;]\" \/>\n<meta property=\"og:url\" content=\"https:\/\/www.almeidaengenhariamedicina.com.br\/blog\/impactos-da-saude-mental-no-desempenho-no-trabalho\/\" \/>\n<meta property=\"og:site_name\" content=\"Almeida Consultoria\" \/>\n<meta property=\"article:published_time\" content=\"2025-01-08T14:40:47+00:00\" \/>\n<meta name=\"author\" content=\"admin\" \/>\n<meta name=\"twitter:card\" content=\"summary_large_image\" \/>\n<meta name=\"twitter:label1\" content=\"Escrito por\" \/>\n\t<meta name=\"twitter:data1\" content=\"admin\" \/>\n\t<meta name=\"twitter:label2\" content=\"Est. tempo de leitura\" \/>\n\t<meta name=\"twitter:data2\" content=\"6 minutos\" \/>\n<script type=\"application\/ld+json\" class=\"yoast-schema-graph\">{\"@context\":\"https:\/\/schema.org\",\"@graph\":[{\"@type\":\"Article\",\"@id\":\"https:\/\/www.almeidaengenhariamedicina.com.br\/blog\/impactos-da-saude-mental-no-desempenho-no-trabalho\/#article\",\"isPartOf\":{\"@id\":\"https:\/\/www.almeidaengenhariamedicina.com.br\/blog\/impactos-da-saude-mental-no-desempenho-no-trabalho\/\"},\"author\":{\"name\":\"admin\",\"@id\":\"https:\/\/www.almeidaengenhariamedicina.com.br\/blog\/#\/schema\/person\/f6e948fe1333019101cb2d86cc183dae\"},\"headline\":\"Impactos da sa\u00fade mental no desempenho no trabalho\",\"datePublished\":\"2025-01-08T14:40:47+00:00\",\"mainEntityOfPage\":{\"@id\":\"https:\/\/www.almeidaengenhariamedicina.com.br\/blog\/impactos-da-saude-mental-no-desempenho-no-trabalho\/\"},\"wordCount\":1165,\"commentCount\":0,\"publisher\":{\"@id\":\"https:\/\/www.almeidaengenhariamedicina.com.br\/blog\/#organization\"},\"keywords\":[\"desempenho\",\"Impactos\",\"Mental\",\"sa\u00fade\",\"trabalho\"],\"articleSection\":[\"Blog\"],\"inLanguage\":\"pt-BR\",\"potentialAction\":[{\"@type\":\"CommentAction\",\"name\":\"Comment\",\"target\":[\"https:\/\/www.almeidaengenhariamedicina.com.br\/blog\/impactos-da-saude-mental-no-desempenho-no-trabalho\/#respond\"]}]},{\"@type\":\"WebPage\",\"@id\":\"https:\/\/www.almeidaengenhariamedicina.com.br\/blog\/impactos-da-saude-mental-no-desempenho-no-trabalho\/\",\"url\":\"https:\/\/www.almeidaengenhariamedicina.com.br\/blog\/impactos-da-saude-mental-no-desempenho-no-trabalho\/\",\"name\":\"Impactos da sa\u00fade mental no desempenho no trabalho - Almeida Consultoria\",\"isPartOf\":{\"@id\":\"https:\/\/www.almeidaengenhariamedicina.com.br\/blog\/#website\"},\"datePublished\":\"2025-01-08T14:40:47+00:00\",\"breadcrumb\":{\"@id\":\"https:\/\/www.almeidaengenhariamedicina.com.br\/blog\/impactos-da-saude-mental-no-desempenho-no-trabalho\/#breadcrumb\"},\"inLanguage\":\"pt-BR\",\"potentialAction\":[{\"@type\":\"ReadAction\",\"target\":[\"https:\/\/www.almeidaengenhariamedicina.com.br\/blog\/impactos-da-saude-mental-no-desempenho-no-trabalho\/\"]}]},{\"@type\":\"BreadcrumbList\",\"@id\":\"https:\/\/www.almeidaengenhariamedicina.com.br\/blog\/impactos-da-saude-mental-no-desempenho-no-trabalho\/#breadcrumb\",\"itemListElement\":[{\"@type\":\"ListItem\",\"position\":1,\"name\":\"In\u00edcio\",\"item\":\"https:\/\/www.almeidaengenhariamedicina.com.br\/blog\/\"},{\"@type\":\"ListItem\",\"position\":2,\"name\":\"Impactos da sa\u00fade mental no desempenho no trabalho\"}]},{\"@type\":\"WebSite\",\"@id\":\"https:\/\/www.almeidaengenhariamedicina.com.br\/blog\/#website\",\"url\":\"https:\/\/www.almeidaengenhariamedicina.com.br\/blog\/\",\"name\":\"Almeida Consultoria\",\"description\":\"Engenharia e medicina do trabalho\",\"publisher\":{\"@id\":\"https:\/\/www.almeidaengenhariamedicina.com.br\/blog\/#organization\"},\"potentialAction\":[{\"@type\":\"SearchAction\",\"target\":{\"@type\":\"EntryPoint\",\"urlTemplate\":\"https:\/\/www.almeidaengenhariamedicina.com.br\/blog\/?s={search_term_string}\"},\"query-input\":{\"@type\":\"PropertyValueSpecification\",\"valueRequired\":true,\"valueName\":\"search_term_string\"}}],\"inLanguage\":\"pt-BR\"},{\"@type\":\"Organization\",\"@id\":\"https:\/\/www.almeidaengenhariamedicina.com.br\/blog\/#organization\",\"name\":\"Almeida Consultoria\",\"url\":\"https:\/\/www.almeidaengenhariamedicina.com.br\/blog\/\",\"logo\":{\"@type\":\"ImageObject\",\"inLanguage\":\"pt-BR\",\"@id\":\"https:\/\/www.almeidaengenhariamedicina.com.br\/blog\/#\/schema\/logo\/image\/\",\"url\":\"https:\/\/www.almeidaengenhariamedicina.com.br\/blog\/wp-content\/uploads\/2021\/02\/cropped-logo.png\",\"contentUrl\":\"https:\/\/www.almeidaengenhariamedicina.com.br\/blog\/wp-content\/uploads\/2021\/02\/cropped-logo.png\",\"width\":240,\"height\":41,\"caption\":\"Almeida Consultoria\"},\"image\":{\"@id\":\"https:\/\/www.almeidaengenhariamedicina.com.br\/blog\/#\/schema\/logo\/image\/\"}},{\"@type\":\"Person\",\"@id\":\"https:\/\/www.almeidaengenhariamedicina.com.br\/blog\/#\/schema\/person\/f6e948fe1333019101cb2d86cc183dae\",\"name\":\"admin\",\"image\":{\"@type\":\"ImageObject\",\"inLanguage\":\"pt-BR\",\"@id\":\"https:\/\/www.almeidaengenhariamedicina.com.br\/blog\/#\/schema\/person\/image\/\",\"url\":\"https:\/\/www.almeidaengenhariamedicina.com.br\/blog\/wp-content\/litespeed\/avatar\/6dfb5669c2a2dd2c6a9043883036f8c7.jpg?ver=1776958353\",\"contentUrl\":\"https:\/\/www.almeidaengenhariamedicina.com.br\/blog\/wp-content\/litespeed\/avatar\/6dfb5669c2a2dd2c6a9043883036f8c7.jpg?ver=1776958353\",\"caption\":\"admin\"},\"url\":\"https:\/\/www.almeidaengenhariamedicina.com.br\/blog\/author\/admin\/\"}]}<\/script>\n<!-- \/ Yoast SEO plugin. -->","yoast_head_json":{"title":"Impactos da sa\u00fade mental no desempenho no trabalho - Almeida Consultoria","robots":{"index":"index","follow":"follow","max-snippet":"max-snippet:-1","max-image-preview":"max-image-preview:large","max-video-preview":"max-video-preview:-1"},"canonical":"https:\/\/www.almeidaengenhariamedicina.com.br\/blog\/impactos-da-saude-mental-no-desempenho-no-trabalho\/","og_locale":"pt_BR","og_type":"article","og_title":"Impactos da sa\u00fade mental no desempenho no trabalho - Almeida Consultoria","og_description":"\u00a0Impactos da sa\u00fade mental no desempenho no trabalho A sa\u00fade mental tem se tornado um tema cada vez mais debatido no mundo corporativo. Com a press\u00e3o por resultados, prazos apertados, e a constante busca por produtividade, muitos profissionais enfrentam desafios relacionados ao equil\u00edbrio emocional no ambiente de trabalho. A qualidade da sa\u00fade mental afeta diretamente [&hellip;]","og_url":"https:\/\/www.almeidaengenhariamedicina.com.br\/blog\/impactos-da-saude-mental-no-desempenho-no-trabalho\/","og_site_name":"Almeida Consultoria","article_published_time":"2025-01-08T14:40:47+00:00","author":"admin","twitter_card":"summary_large_image","twitter_misc":{"Escrito por":"admin","Est. tempo de leitura":"6 minutos"},"schema":{"@context":"https:\/\/schema.org","@graph":[{"@type":"Article","@id":"https:\/\/www.almeidaengenhariamedicina.com.br\/blog\/impactos-da-saude-mental-no-desempenho-no-trabalho\/#article","isPartOf":{"@id":"https:\/\/www.almeidaengenhariamedicina.com.br\/blog\/impactos-da-saude-mental-no-desempenho-no-trabalho\/"},"author":{"name":"admin","@id":"https:\/\/www.almeidaengenhariamedicina.com.br\/blog\/#\/schema\/person\/f6e948fe1333019101cb2d86cc183dae"},"headline":"Impactos da sa\u00fade mental no desempenho no trabalho","datePublished":"2025-01-08T14:40:47+00:00","mainEntityOfPage":{"@id":"https:\/\/www.almeidaengenhariamedicina.com.br\/blog\/impactos-da-saude-mental-no-desempenho-no-trabalho\/"},"wordCount":1165,"commentCount":0,"publisher":{"@id":"https:\/\/www.almeidaengenhariamedicina.com.br\/blog\/#organization"},"keywords":["desempenho","Impactos","Mental","sa\u00fade","trabalho"],"articleSection":["Blog"],"inLanguage":"pt-BR","potentialAction":[{"@type":"CommentAction","name":"Comment","target":["https:\/\/www.almeidaengenhariamedicina.com.br\/blog\/impactos-da-saude-mental-no-desempenho-no-trabalho\/#respond"]}]},{"@type":"WebPage","@id":"https:\/\/www.almeidaengenhariamedicina.com.br\/blog\/impactos-da-saude-mental-no-desempenho-no-trabalho\/","url":"https:\/\/www.almeidaengenhariamedicina.com.br\/blog\/impactos-da-saude-mental-no-desempenho-no-trabalho\/","name":"Impactos da sa\u00fade mental no desempenho no trabalho - Almeida Consultoria","isPartOf":{"@id":"https:\/\/www.almeidaengenhariamedicina.com.br\/blog\/#website"},"datePublished":"2025-01-08T14:40:47+00:00","breadcrumb":{"@id":"https:\/\/www.almeidaengenhariamedicina.com.br\/blog\/impactos-da-saude-mental-no-desempenho-no-trabalho\/#breadcrumb"},"inLanguage":"pt-BR","potentialAction":[{"@type":"ReadAction","target":["https:\/\/www.almeidaengenhariamedicina.com.br\/blog\/impactos-da-saude-mental-no-desempenho-no-trabalho\/"]}]},{"@type":"BreadcrumbList","@id":"https:\/\/www.almeidaengenhariamedicina.com.br\/blog\/impactos-da-saude-mental-no-desempenho-no-trabalho\/#breadcrumb","itemListElement":[{"@type":"ListItem","position":1,"name":"In\u00edcio","item":"https:\/\/www.almeidaengenhariamedicina.com.br\/blog\/"},{"@type":"ListItem","position":2,"name":"Impactos da sa\u00fade mental no desempenho no trabalho"}]},{"@type":"WebSite","@id":"https:\/\/www.almeidaengenhariamedicina.com.br\/blog\/#website","url":"https:\/\/www.almeidaengenhariamedicina.com.br\/blog\/","name":"Almeida Consultoria","description":"Engenharia e medicina do trabalho","publisher":{"@id":"https:\/\/www.almeidaengenhariamedicina.com.br\/blog\/#organization"},"potentialAction":[{"@type":"SearchAction","target":{"@type":"EntryPoint","urlTemplate":"https:\/\/www.almeidaengenhariamedicina.com.br\/blog\/?s={search_term_string}"},"query-input":{"@type":"PropertyValueSpecification","valueRequired":true,"valueName":"search_term_string"}}],"inLanguage":"pt-BR"},{"@type":"Organization","@id":"https:\/\/www.almeidaengenhariamedicina.com.br\/blog\/#organization","name":"Almeida Consultoria","url":"https:\/\/www.almeidaengenhariamedicina.com.br\/blog\/","logo":{"@type":"ImageObject","inLanguage":"pt-BR","@id":"https:\/\/www.almeidaengenhariamedicina.com.br\/blog\/#\/schema\/logo\/image\/","url":"https:\/\/www.almeidaengenhariamedicina.com.br\/blog\/wp-content\/uploads\/2021\/02\/cropped-logo.png","contentUrl":"https:\/\/www.almeidaengenhariamedicina.com.br\/blog\/wp-content\/uploads\/2021\/02\/cropped-logo.png","width":240,"height":41,"caption":"Almeida Consultoria"},"image":{"@id":"https:\/\/www.almeidaengenhariamedicina.com.br\/blog\/#\/schema\/logo\/image\/"}},{"@type":"Person","@id":"https:\/\/www.almeidaengenhariamedicina.com.br\/blog\/#\/schema\/person\/f6e948fe1333019101cb2d86cc183dae","name":"admin","image":{"@type":"ImageObject","inLanguage":"pt-BR","@id":"https:\/\/www.almeidaengenhariamedicina.com.br\/blog\/#\/schema\/person\/image\/","url":"https:\/\/www.almeidaengenhariamedicina.com.br\/blog\/wp-content\/litespeed\/avatar\/6dfb5669c2a2dd2c6a9043883036f8c7.jpg?ver=1776958353","contentUrl":"https:\/\/www.almeidaengenhariamedicina.com.br\/blog\/wp-content\/litespeed\/avatar\/6dfb5669c2a2dd2c6a9043883036f8c7.jpg?ver=1776958353","caption":"admin"},"url":"https:\/\/www.almeidaengenhariamedicina.com.br\/blog\/author\/admin\/"}]}},"_links":{"self":[{"href":"https:\/\/www.almeidaengenhariamedicina.com.br\/blog\/wp-json\/wp\/v2\/posts\/536","targetHints":{"allow":["GET"]}}],"collection":[{"href":"https:\/\/www.almeidaengenhariamedicina.com.br\/blog\/wp-json\/wp\/v2\/posts"}],"about":[{"href":"https:\/\/www.almeidaengenhariamedicina.com.br\/blog\/wp-json\/wp\/v2\/types\/post"}],"author":[{"embeddable":true,"href":"https:\/\/www.almeidaengenhariamedicina.com.br\/blog\/wp-json\/wp\/v2\/users\/1"}],"replies":[{"embeddable":true,"href":"https:\/\/www.almeidaengenhariamedicina.com.br\/blog\/wp-json\/wp\/v2\/comments?post=536"}],"version-history":[{"count":1,"href":"https:\/\/www.almeidaengenhariamedicina.com.br\/blog\/wp-json\/wp\/v2\/posts\/536\/revisions"}],"predecessor-version":[{"id":538,"href":"https:\/\/www.almeidaengenhariamedicina.com.br\/blog\/wp-json\/wp\/v2\/posts\/536\/revisions\/538"}],"wp:attachment":[{"href":"https:\/\/www.almeidaengenhariamedicina.com.br\/blog\/wp-json\/wp\/v2\/media?parent=536"}],"wp:term":[{"taxonomy":"category","embeddable":true,"href":"https:\/\/www.almeidaengenhariamedicina.com.br\/blog\/wp-json\/wp\/v2\/categories?post=536"},{"taxonomy":"post_tag","embeddable":true,"href":"https:\/\/www.almeidaengenhariamedicina.com.br\/blog\/wp-json\/wp\/v2\/tags?post=536"}],"curies":[{"name":"wp","href":"https:\/\/api.w.org\/{rel}","templated":true}]}}